{"id":1488,"date":"2014-06-23T17:49:16","date_gmt":"2014-06-23T16:49:16","guid":{"rendered":"https:\/\/www.skmisia.ch\/?p=1488"},"modified":"2019-04-08T21:09:18","modified_gmt":"2019-04-08T20:09:18","slug":"bozie-telo","status":"publish","type":"post","link":"https:\/\/www.skmisia.ch\/?p=1488","title":{"rendered":"Bo\u017eie Telo"},"content":{"rendered":"<h2><strong><em>Najsv\u00e4tej\u0161ie Kristovo Telo a Krv &#8211; Bo\u017eie Telo<\/em><\/strong><\/h2>\n<p><strong>Anjel P\u00e1na so Sv\u00e4t\u00fdm Otcom: Kres\u0165an je chlieb, ktor\u00fd sa l\u00e1me pre druh\u00fdch<\/strong><\/p>\n<p>Vatik\u00e1n 22. j\u00fana (RV) Sv\u00e4t\u00fd Otec v dne\u0161n\u00fa nede\u013eu ako zvy\u010dajne napoludnie udelil po\u017eehnanie z okna Apo\u0161tolsk\u00e9ho pal\u00e1ca. Veriacim, ktor\u00ed celkom zaplnili N\u00e1mestie sv\u00e4t\u00e9ho Petra, hovoril o v\u00fdzname Eucharistie v \u017eivote kres\u0165ana.<\/p>\n<p>V plnom znen\u00ed prin\u00e1\u0161ame pr\u00edhovor Sv\u00e4t\u00e9ho Otca:<\/p>\n<p><strong>\u201eDrah\u00ed bratia a sestry, dobr\u00fd de\u0148! <\/strong><\/p>\n<p><strong> V Taliansku a v \u010fal\u0161\u00edch krajin\u00e1ch sa sl\u00e1vi v t\u00fato nede\u013eu sviatok Kristovho Tela a Krvi, \u010dasto sa pou\u017e\u00edva aj latinsk\u00e9 pomenovanie Corpus Domini alebo Corpus Christi. Cirkevn\u00e9 spolo\u010denstvo sa zhroma\u017e\u010fuje okolo Eucharistie k ador\u00e1cii najvz\u00e1cnej\u0161ieho pokladu, ktor\u00fd n\u00e1m Je\u017ei\u0161 zanechal.<\/strong><\/p>\n<p><strong> J\u00e1novo evanjelium n\u00e1m predstavuje re\u010d o \u201echlebe \u017eivota\u201c, ktor\u00fa Je\u017ei\u0161 predniesol v kafarnaumskej synag\u00f3ge, v ktorej hovor\u00ed: \u00abJa som \u017eiv\u00fd chlieb, ktor\u00fd zost\u00fapil z neba. Kto bude jes\u0165 z tohto chleba, bude \u017ei\u0165 naveky. A chlieb, ktor\u00fd ja d\u00e1m, je moje telo za \u017eivot sveta\u00bb (Jn 6,51). Je\u017ei\u0161 zd\u00f4raz\u0148uje, \u017ee nepri\u0161iel na tento svet, aby daroval nejak\u00fa vec, ale aby daroval seba sam\u00e9ho, svoj \u017eivot, ako pokrm pre v\u0161etk\u00fdch, \u010do maj\u00fa vieru v neho. Toto na\u0161e spolo\u010denstvo s P\u00e1nom n\u00e1s ako u\u010den\u00edkov zav\u00e4zuje k jeho napodob\u0148ovaniu t\u00fdm, \u017ee z n\u00e1\u0161ho \u017eivota prostredn\u00edctvom na\u0161ich postojov vytv\u00e1rame chlieb, ktor\u00fd sa l\u00e1me pre druh\u00fdch, tak ako U\u010dite\u013e l\u00e1mal chlieb, ktor\u00fd je re\u00e1lne jeho telom. V na\u0161om pr\u00edpade s\u00fa to prejavy ve\u013ekodu\u0161nosti k bl\u00ed\u017enym, ktor\u00e9 d\u00e1vaj\u00fa najavo postoj l\u00e1mania \u017eivota pre druh\u00fdch.<\/strong><\/p>\n<p><strong> Zaka\u017ed\u00fdm, ke\u010f m\u00e1me \u00fa\u010das\u0165 na sv\u00e4tej om\u0161i a ke\u010f sa \u017eiv\u00edme Kristov\u00fdm Telom, p\u00f4sob\u00ed v n\u00e1s pr\u00edtomnos\u0165 Je\u017ei\u0161a a Ducha Sv\u00e4t\u00e9ho, pretv\u00e1ra na\u0161e srdce, sprostredk\u00fava n\u00e1m vn\u00fatorn\u00e9 postoje, ktor\u00e9 sa premietaj\u00fa do skutkov pod\u013ea evanjelia. Je to predov\u0161etk\u00fdm poslu\u0161nos\u0165 Bo\u017eiemu slovu, \u010falej bratstvo medzi nami navz\u00e1jom, odvaha ku kres\u0165ansk\u00e9mu svedectvu, vynach\u00e1dzavos\u0165 l\u00e1sky, schopnos\u0165 dod\u00e1va\u0165 odvahu sklesl\u00fdm a prij\u00edma\u0165 odstrkovan\u00fdch. Tak\u00fdmto sp\u00f4sobom eucharistia d\u00e1va dozrieva\u0165 ist\u00e9mu kres\u0165ansk\u00e9mu \u0161t\u00fdlu \u017eivota.<\/strong><\/p>\n<p><strong> Kristova l\u00e1ska, prijat\u00e1 s otvoren\u00fdm srdcom, n\u00e1s men\u00ed, premie\u0148a n\u00e1s, rob\u00ed n\u00e1s schopn\u00fdmi milova\u0165 nie pod\u013ea \u013eudskej miery, ktor\u00e1 je v\u017edy ohrani\u010den\u00e1, ale pod\u013ea Bo\u017eej miery. A ak\u00e1 je t\u00e1to Bo\u017eia miera? Bez miery! Bo\u017eia miera je bez miery. V\u0161etko! V\u0161etko! V\u0161etko! Nemo\u017eno odmera\u0165 Bo\u017eiu l\u00e1sku, je bez miery! A takto sa st\u00e1vame schopn\u00fdmi milova\u0165 aj toho, kto n\u00e1s nemiluje. A toto nie je \u013eahk\u00e9, je to tak? Milova\u0165 toho, kto n\u00e1s nemiluje&#8230; Nie je to \u013eahk\u00e9! Preto\u017ee ke\u010f vieme, \u017ee niekto n\u00e1s nem\u00e1 r\u00e1d, aj my m\u00e1me chu\u0165 nema\u0165 ho v l\u00e1ske. No nie tak. Mus\u00edme milova\u0165 aj toho, kto n\u00e1s nem\u00e1 r\u00e1d! Postavi\u0165 sa vo\u010di zlu dobrom, odp\u00fa\u0161\u0165a\u0165, deli\u0165 sa, prij\u00edma\u0165.<\/strong><\/p>\n<p><strong> V\u010faka Je\u017ei\u0161ovi a jeho Duchu sa aj n\u00e1\u0161 \u017eivot st\u00e1va \u201echlebom, ktor\u00fd sa l\u00e1me\u201c pre na\u0161ich bratov. A ke\u010f takto \u017eijeme, objavujeme prav\u00fa rados\u0165! Rados\u0165 z darovania sa, aby sme sa odv\u010fa\u010dili za ten ve\u013ek\u00fd dar, ktor\u00fd sme dostali ako prv\u00ed, bez na\u0161ej z\u00e1sluhy. Toto je kr\u00e1sne: n\u00e1\u0161 \u017eivot sa st\u00e1va darom! Toto znamen\u00e1 napodob\u0148ova\u0165 Je\u017ei\u0161a. Chcel by som pripomen\u00fa\u0165 tieto dve veci. Prv\u00e1: mierou Bo\u017eej l\u00e1sky je milova\u0165 bez miery. Je to jasn\u00e9? A n\u00e1\u0161 \u017eivot sa Je\u017ei\u0161ovou l\u00e1skou, ktor\u00fa prij\u00edmame v Eucharistii, st\u00e1va darom. Tak, ako to bolo aj v Je\u017ei\u0161ovom \u017eivote. Nezabudnime na tieto dve veci: \u017ee mierou Bo\u017eej l\u00e1sky je milova\u0165 bez miery a \u017ee nasledovan\u00edm Je\u017ei\u0161a vytv\u00e1rame prostredn\u00edctvom Eucharistie z n\u00e1\u0161ho \u017eivota dar.<\/strong><\/p>\n<p><strong> Je\u017ei\u0161, Chlieb ve\u010dn\u00e9ho \u017eivota, zost\u00fapil z neba a stal sa telom v\u010faka viere Presv\u00e4tej Panny M\u00e1rie. Po tom, ako ho s nev\u00fdslovnou l\u00e1skou nosila pod srdcom, verne ho nasledovala a\u017e po kr\u00ed\u017e a vzkriesenie. Prosme si od Bo\u017eej Matky, aby n\u00e1m pomohla objavi\u0165 kr\u00e1su Eucharistie a urobi\u0165 ju stredom n\u00e1\u0161ho \u017eivota, osobitne v nede\u013enej sv\u00e4tej om\u0161i a v ador\u00e1cii.\u201c<\/strong><\/p>\n<p>Po spolo\u010dnej modlitbe Anjel P\u00e1na a modlitbe za zosnul\u00fdch Sv\u00e4t\u00fd Otec udelil apo\u0161tolsk\u00e9 po\u017eehnanie. \u010ealej pokra\u010doval nasledovnou v\u00fdzvou k medzin\u00e1rodn\u00e9mu d\u0148u OSn na pomoc obetiam mu\u010denia (spr\u00e1vu sme vydali samostatne).<\/p>\n<p>Prelo\u017eil: Jozef Bartkovjak SJ, (www.tkkbs.sk)<\/p>\n","protected":false},"excerpt":{"rendered":"<p>Najsv\u00e4tej\u0161ie Kristovo Telo a Krv &#8211; Bo\u017eie Telo Anjel P\u00e1na so Sv\u00e4t\u00fdm Otcom: Kres\u0165an je chlieb, ktor\u00fd sa l\u00e1me pre druh\u00fdch Vatik\u00e1n 22. j\u00fana (RV) Sv\u00e4t\u00fd Otec v dne\u0161n\u00fa nede\u013eu ako zvy\u010dajne napoludnie udelil&#46;&#46;&#46;<\/p>\n","protected":false},"author":3,"featured_media":1489,"comment_status":"open","ping_status":"closed","sticky":false,"template":"","format":"standard","meta":{"ngg_post_thumbnail":0},"categories":[24,1],"tags":[],"_links":{"self":[{"href":"https:\/\/www.skmisia.ch\/index.php?rest_route=\/wp\/v2\/posts\/1488"}],"collection":[{"href":"https:\/\/www.skmisia.ch\/index.php?rest_route=\/wp\/v2\/posts"}],"about":[{"href":"https:\/\/www.skmisia.ch\/index.php?rest_route=\/wp\/v2\/types\/post"}],"author":[{"embeddable":true,"href":"https:\/\/www.skmisia.ch\/index.php?rest_route=\/wp\/v2\/users\/3"}],"replies":[{"embeddable":true,"href":"https:\/\/www.skmisia.ch\/index.php?rest_route=%2Fwp%2Fv2%2Fcomments&post=1488"}],"version-history":[{"count":5,"href":"https:\/\/www.skmisia.ch\/index.php?rest_route=\/wp\/v2\/posts\/1488\/revisions"}],"predecessor-version":[{"id":1495,"href":"https:\/\/www.skmisia.ch\/index.php?rest_route=\/wp\/v2\/posts\/1488\/revisions\/1495"}],"wp:featuredmedia":[{"embeddable":true,"href":"https:\/\/www.skmisia.ch\/index.php?rest_route=\/wp\/v2\/media\/1489"}],"wp:attachment":[{"href":"https:\/\/www.skmisia.ch\/index.php?rest_route=%2Fwp%2Fv2%2Fmedia&parent=1488"}],"wp:term":[{"taxonomy":"category","embeddable":true,"href":"https:\/\/www.skmisia.ch\/index.php?rest_route=%2Fwp%2Fv2%2Fcategories&post=1488"},{"taxonomy":"post_tag","embeddable":true,"href":"https:\/\/www.skmisia.ch\/index.php?rest_route=%2Fwp%2Fv2%2Ftags&post=1488"}],"curies":[{"name":"wp","href":"https:\/\/api.w.org\/{rel}","templated":true}]}}