{"id":1481,"date":"2014-06-14T10:47:08","date_gmt":"2014-06-14T09:47:08","guid":{"rendered":"https:\/\/www.skmisia.ch\/?p=1481"},"modified":"2019-04-08T21:09:18","modified_gmt":"2019-04-08T20:09:18","slug":"spomienkovy-den","status":"publish","type":"post","link":"https:\/\/www.skmisia.ch\/?p=1481","title":{"rendered":"Spomienkov\u00fd de\u0148"},"content":{"rendered":"<p>&nbsp;<\/p>\n<p align=\"center\"><b>Pravda v\u00e1s oslobod\u00ed<\/b> (Jn 8,32)<\/p>\n<p align=\"center\">Mari\u00e1n Viktor Valach<i><\/i><\/p>\n<p><i>\u00a0<\/i><\/p>\n<p><b><i>Spomienka na Otca \u0160ebasti\u00e1na Labu<\/i><\/b><i> (*19. j\u00fana 1931, Valask\u00e1 Bel\u00e1 +22. m\u00e1ja 2014, Ivanka pri Dunaji) <b>a ostatn\u00fdch zomrel\u00fdch k\u0148azov, ktor\u00ed sa zasl\u00fa\u017eili o slovensk\u00fd n\u00e1rod, bude 13. j\u00fala 2014 v Z\u00fcrichu a v Kloster Fahr.<\/b><\/i><\/p>\n<p><i>\u00a0<\/i><\/p>\n<p>Mil\u00ed \u010ditatelia, dejiny slovensk\u00e9ho n\u00e1roda a dejiny Cirkvi s\u00fa naplnen\u00e9 v\u00fdznamn\u00fdmi osobnos\u0165ami, ktor\u00e9 sa \u2013 pred d\u00e1vnymi \u010dasmi i ned\u00e1vno \u2013 nezmazate\u013ene\u00a0 vryli do hist\u00f3rie n\u00e1rodn\u00e9ho spolo\u010denstva a v\u00fdrazne pozna\u010dili jeho kres\u0165ansk\u00fa identitu. \u010co pre n\u00e1\u0161 n\u00e1rod znamenaj\u00fa stato\u010dn\u00ed k\u0148azi \u2013 n\u00e1rodovci <i>F\u00e1ndly, Rudnay, Radlinsk\u00fd, Bernol\u00e1k, Moyzes, Hlinka, Tiso, Vojta\u0161\u0161\u00e1k, Buzalka, Gojdi\u010d<\/i> a mnoh\u00ed \u010fal\u0161\u00ed, sme vedeli u\u017e od svojich rodi\u010dov. Aj Slov\u00e1ci v diasp\u00f3re u\u017e maj\u00fa vlastn\u00e9 dejiny svojich hrdinsk\u00fdch k\u0148azov, ktor\u00ed s\u00fa medzi\u010dasom na ve\u010dnosti. Za mnoh\u00e9 slovensk\u00e9 hroby v in\u00fdch kontinentoch spomeniem iba b\u00e1snika <i>Rudolfa Alfonza Dilonga OFM<\/i> a Jeho Excelenciu <i>Andrew Gregory Grutku<\/i>, naroden\u00e9ho u\u017e v USA, ktor\u00fd sa v\u00fdznamnou mierou zasl\u00fa\u017eil o vznik Slovensk\u00e9ho \u00fastavu Sv\u00e4t\u00e9ho Cyrila a Metoda v R\u00edme. Sv\u00e4t\u00fd J\u00e1n Pavol II. (Ve\u013ek\u00fd \u2013 ako ho naz\u00fdval v svojom diele Otec Labo) pov\u00fd\u0161il \u00fastav na p\u00e1pe\u017esk\u00fd. Za k\u0148azov p\u00f4sobiacich vo \u0160vaj\u010diarsku spomeniem Otcov <i>Martina Maz\u00e1ka SDB<\/i> a <i>Piusa J\u00e1na Kriv\u00e9ho OP<\/i> a za mnoh\u00fdch eur\u00f3pskych p\u00e1trov <i>Andreja \u0160\u00e1ndora SDB (Gorazda Zvonick\u00e9ho), Mons. \u0160tefana N\u00e1halku, Michala Lacku SJ, Jozefa Stre\u010dansk\u00e9ho SDB, Franti\u0161ka Revesa SDB, Jozefa Kov\u00e1\u010da SJ, Prof. Vojtecha Bucku<\/i>. Spom\u00ednam iba zop\u00e1r k\u0148azov ako pr\u00edklady rodo\u013eubov, ktor\u00fdch som mal t\u00fa \u010des\u0165 osobne pozna\u0165, ale uvedomujem si, \u017ee ich bolo ove\u013ea viac. Ich zoznam by presiahol kapacitu n\u00e1\u0161ho vestn\u00edka.<\/p>\n<p>&nbsp;<\/p>\n<p>V m\u00e1ji k nim pribudol p\u00e1ter <i>\u0160ebasti\u00e1n Labo<\/i>, v\u00fdznamn\u00fd jezuita, spisovate\u013e a intelektu\u00e1l, ktory\u0301 bol re\u017eimom prin\u00fateny\u0301 od\u00eds\u0165z vlasti a cely\u0301 \u017eivot bojoval za lep\u0161ie postavenie Cirkvi a n\u00e1roda, ktory\u0301 tak miloval. P\u00e1ter Labo vydal viacero kni\u017eny\u0301ch publik\u00e1ci\u00ed o p\u00e1pe\u017eovi J\u00e1novi Pavlovi II., ktor\u00e9 vy\u0161li v mnohotis\u00edcovy\u0301ch n\u00e1kladoch vo viacery\u0301ch svetovy\u0301ch jazykoch. Predov\u0161etky\u0301m dielo <i>Zabijem pastiera <\/i>vy\u0161lo v siedmich svetovy\u0301ch jazykoch (po nemecky 1982, taliansky a holandsky 1983, franc\u00fazsky 1984, po\u013esky 1988, portugalsky 1991, \u0161panielsky 1992). Na slovensky\u0301 trh sa kniha dostala n\u00e1kladom 100 000 vy\u0301tla\u010dkov v rokoch 1990 a 1991. Okrem \u010fal\u0161\u00edch kn\u00edh si ve\u013ek\u00e9 z\u00e1sluhy z\u00edskal vyd\u00e1van\u00edm viaczv\u00e4zkovej obrazovej publik\u00e1cie <i>Lietaj\u00faci p\u00fatnik 20. storo\u010di<\/i>a (8 zv\u00e4zkov v r. 1997 \u2013 2004), na ktor\u00e9 nadv\u00e4zuje obdobn\u00e9 dielo <i>Apo\u0161tolsk\u00e9 cesty Benedikta XVI<\/i>., ktor\u00e9 vy\u0161lo v dvoch dieloch.<\/p>\n<p>&nbsp;<\/p>\n<p>Posledn\u00e9 dielo\u00a0 <i>R\u00f3bert Bez\u00e1k<\/i> s podtitulom <i>Pravda o odvolanom arcibiskupovi<\/i> vy\u0161lo 5. j\u00fana 2014 a\u017e po jeho smrti. Je jasnou odpove\u010fou na doteraj\u0161iu masov\u00fa kampa\u0148 a protiv\u00e1hou doteraj\u0161\u00edch stanov\u00edsk kauzy Bez\u00e1k, ktor\u00e1 doteraz na Slovensku ch\u00fdbala. Ad finem! Requiem aeternam dona ei, Domine.<\/p>\n<p>&nbsp;<\/p>\n<p>Mnoh\u00ed Slov\u00e1ci vo \u0160vaj\u010diarsku poznali Otca \u0160ebasti\u00e1na (\u0160eba) ako \u010dloveka ve\u013emi m\u00fadreho so svojr\u00e1znym a \u00edre\u010dit\u00fdm, priam \u0161ibalsk\u00fdm humorom. Z jedn\u00e9ho ve\u013emi \u00faprimn\u00e9ho necenz\u00farovan\u00e9ho nov\u0161ieho rozhovoru mlad\u00e9ho slovensk\u00e9ho historika Petra Sokolovi\u010da so \u0160ebasti\u00e1nom Labom na 42 stran\u00e1ch vytryskla l\u00e1va zauj\u00edmav\u00e9ho svedectva \u010dasu, v ktorom p\u00e1ter Labo \u017eil. Rozhovor vy\u0161iel\u00a0 v \u010dasopise <i>\u00a0Pam\u00e4\u0165 n\u00e1roda <\/i>v \u010d\u00edsle 1\/2013. Je to vz\u00e1cny dokument, obsahuj\u00faci poh\u013eady spisovate\u013ea, v ktorom sa Labo nevyh\u00fdba ani najcitlivej\u0161\u00edm obdobiam posledn\u00e9ho storo\u010dia, z\u00edskava si \u010ditate\u013ea svojou oddanos\u0165ou p\u00e1pe\u017eovi a jasn\u00fdm nekompromisn\u00fdm postojom k pravde. Pod\u013ea najnov\u0161\u00edch inform\u00e1ci\u00ed sa chyst\u00e1 publik\u00e1cia tohto rozhovoru kni\u017ene, srde\u010dne\u00a0 ju v\u0161etk\u00fdm \u010ditate\u013eom odpor\u00fa\u010dam. Z rozhovoru vyber\u00e1m jeho koniec:<\/p>\n<p>&nbsp;<\/p>\n<p>Je e\u0161te nie\u010do, \u010do by ste chceli poveda\u0165 \u010ditate\u013eom n\u00e1\u0161ho \u010dasopisu?<\/p>\n<p>&nbsp;<\/p>\n<p><i>R\u00e1d by som nie\u010do povedal, najm\u00e4 mlady\u0301m. Chlapci a diev\u010dat\u00e1, pri va\u0161om fyzickom i duchovnom raste a dozrievan\u00ed nezvykajte si na klamstvo a odporn\u00fa lo\u017e, ktor\u00e9 znetvoruj\u00fa charakter \u010dloveka a \u0161kodia iny\u0301m. Zamilujte si pravdu, ktorou je Je\u017ei\u0161 Kristus, Bo\u017e\u00ed Syn a budete v \u017eivote trvalo \u0161\u0165astn\u00ed, na osoh a rados\u0165 svojim najbli\u017e\u0161\u00edm, rodi\u010dom, priate\u013eom a cel\u00e9mu slovensk\u00e9mu n\u00e1rodu. Nehanbite sa za\u0148. N\u00e1\u0161 n\u00e1rod potrebuje pevn\u00e9 charaktery a \u010destny\u0301ch \u013eud\u00ed. Na\u0161a hist\u00f3ria je bohat\u00e1 na vz\u00e1cnych,\u00a0 nezi\u0161tny\u0301ch vlastencov. Drah\u00ed mlad\u00ed priatelia, ako osemdesiatdva ro\u010dny\u0301 starec, s l\u00e1skou v\u00e1m odovzd\u00e1vam t\u00fato spr\u00e1vu. Pozn\u00e1vajte pravdu a va\u0161e srdcia zaplav\u00ed rados\u0165 i hrdos\u0165, \u017ee patr\u00edte k n\u00e1rodu, ktory\u0301 mal tak\u00e9 ve\u013ek\u00e9 osobnosti.<\/i><\/p>\n<p>&nbsp;<\/p>\n<p>A teraz bli\u017e\u0161ie inform\u00e1cie k <b>spomienkov\u00e9mu d\u0148u<\/b>. Poprosil som\u00a0 <b>d\u00f4stojn\u00e9ho p\u00e1na Otca Jozefa Bagu SDB<\/b>, aby sme si pri sv. om\u0161i <b>13. j\u00fala 2014 o 9:30<\/b> v Liebfrauenkirche v Z\u00fcrichu pripomenuli \u0160. Labu a ostatn\u00fdch zomrel\u00fdch k\u0148azov, ktor\u00ed sa zasl\u00fa\u017eili o slovensk\u00fd n\u00e1rod. Po sv. om\u0161i bude <b>obed<\/b>, na ktorom sa bude vo\u013ene diskutova\u0165 na t\u00e9mu <b>\u201eCirkev a n\u00e1rod\u201c<\/b> v re\u0161taur\u00e1cii, ktor\u00fa ozn\u00e1mim a zabezpe\u010d\u00edm, ke\u010f budem ma\u0165 po\u010det z\u00e1ujemcov. Po obede sa prevezieme do malebnej pr\u00edrody kl\u00e1\u0161tora <b>Kloster Fahr<\/b>, ktor\u00fd pripom\u00edna e\u0161te predminul\u00e9 storo\u010die. Odbo\u010dka do osady je v obci Unterengstringen ZH. Tam sa m\u00f4\u017eeme obzrie\u0165 a pookria\u0165, pr\u00edchod okolo 15:00. V kaplnke sv\u00e4tej Anny na n\u00e1dvor\u00ed kl\u00e1\u0161tora bude <b>slovensk\u00e1 pobo\u017enos\u0165 o 15:30<\/b>.<b> <\/b>Po nej sa z\u00fa\u010dastn\u00edme ako hostia na pobo\u017enosti <b>Vesper<\/b>, ktor\u00e1 bude <b>o 16:00<\/b>\u00a0 u sestier z benedikt\u00ednskeho kl\u00e1\u0161tora v kl\u00e1\u0161tornom kostole, ktor\u00fd je k\u00fasok cesty od kaplnky. V malom exkl\u00e1ve kant\u00f3na Aargau v kant\u00f3ne Z\u00fcrich je mo\u017enos\u0165 tak prech\u00e1dzky ako aj obdivovania dom\u00e1cich zvierat. Nechajte sa prekvapi\u0165. Akoby sa tam \u010das zastavil. Vieska sa d\u00e1 dosiahnu\u0165 i pe\u0161o i na bicykli po pravej strane po pr\u00fade<b> <\/b>rieky Limmat. R\u00e1d V\u00e1m vysvetl\u00edm cestu autom, pe\u0161i, kompou, at\u010f.<\/p>\n<p>&nbsp;<\/p>\n<p>Ak m\u00e1te z\u00e1ujem o spolo\u010dn\u00fd obed alebo o podujatie v\u0161eobecne, po\u0161lite mi mail na adresu <a href=\"mailto:viktor.valach@gmail.com\">viktor.valach@gmail.com<\/a> <b>do 8. j\u00fala 2014<\/b>. Podrobnosti ozn\u00e1mim ka\u017ed\u00e9mu z\u00e1ujemcovi v maile po tomto term\u00edne, kde zodpoviem aj pr\u00edpadn\u00e9 ot\u00e1zky. Ak si \u017eel\u00e1te telefonick\u00fd kontakt, pr\u00edpadne bli\u017e\u0161ie inform\u00e1cie, nap\u00ed\u0161te mi Va\u0161e telef\u00f3nne \u010d\u00edslo \u2013 najrad\u0161ej pevn\u00fa linku, zatelefonujem V\u00e1m, ale a\u017e po term\u00edne. Presn\u00fd program bude zaslan\u00fd ka\u017ed\u00e9mu z\u00e1ujemcovi mailom v t\u00fd\u017edni pred spomienkov\u00fdm d\u0148om.<\/p>\n<p>&nbsp;<\/p>\n<p>Bl\u00ed\u017eia sa i narodeniny, i v\u010faka za z\u00e1zra\u010dn\u00e9 uzdravenie je st\u00e1le pr\u00edtomn\u00e1, boli dni det\u00ed, matiek i otcov, d\u00f4vodov stretn\u00fa\u0165 sa by bolo ur\u010dite viac. Mysl\u00edm si ale, \u017ee tak\u00fdmto spomienkov\u00fdm d\u0148om by sme d\u00f4stojne prispeli k pamiatke na\u0161ich velik\u00e1nov a mision\u00e1rov na celom svete a vzdali im hold.<\/p>\n<p>&nbsp;<\/p>\n<p>Zatia\u013e sme \u0161tyria \u2013 mal\u00e1 h\u0155ba p\u00fdta viac&#8230;<\/p>\n","protected":false},"excerpt":{"rendered":"<p>&nbsp; Pravda v\u00e1s oslobod\u00ed (Jn 8,32) Mari\u00e1n Viktor Valach \u00a0 Spomienka na Otca \u0160ebasti\u00e1na Labu (*19. j\u00fana 1931, Valask\u00e1 Bel\u00e1 +22. m\u00e1ja 2014, Ivanka pri Dunaji) a ostatn\u00fdch zomrel\u00fdch k\u0148azov, ktor\u00ed sa zasl\u00fa\u017eili o&#46;&#46;&#46;<\/p>\n","protected":false},"author":3,"featured_media":1220,"comment_status":"open","ping_status":"closed","sticky":false,"template":"","format":"standard","meta":{"ngg_post_thumbnail":0},"categories":[24,1],"tags":[],"_links":{"self":[{"href":"https:\/\/www.skmisia.ch\/index.php?rest_route=\/wp\/v2\/posts\/1481"}],"collection":[{"href":"https:\/\/www.skmisia.ch\/index.php?rest_route=\/wp\/v2\/posts"}],"about":[{"href":"https:\/\/www.skmisia.ch\/index.php?rest_route=\/wp\/v2\/types\/post"}],"author":[{"embeddable":true,"href":"https:\/\/www.skmisia.ch\/index.php?rest_route=\/wp\/v2\/users\/3"}],"replies":[{"embeddable":true,"href":"https:\/\/www.skmisia.ch\/index.php?rest_route=%2Fwp%2Fv2%2Fcomments&post=1481"}],"version-history":[{"count":1,"href":"https:\/\/www.skmisia.ch\/index.php?rest_route=\/wp\/v2\/posts\/1481\/revisions"}],"predecessor-version":[{"id":1482,"href":"https:\/\/www.skmisia.ch\/index.php?rest_route=\/wp\/v2\/posts\/1481\/revisions\/1482"}],"wp:featuredmedia":[{"embeddable":true,"href":"https:\/\/www.skmisia.ch\/index.php?rest_route=\/wp\/v2\/media\/1220"}],"wp:attachment":[{"href":"https:\/\/www.skmisia.ch\/index.php?rest_route=%2Fwp%2Fv2%2Fmedia&parent=1481"}],"wp:term":[{"taxonomy":"category","embeddable":true,"href":"https:\/\/www.skmisia.ch\/index.php?rest_route=%2Fwp%2Fv2%2Fcategories&post=1481"},{"taxonomy":"post_tag","embeddable":true,"href":"https:\/\/www.skmisia.ch\/index.php?rest_route=%2Fwp%2Fv2%2Ftags&post=1481"}],"curies":[{"name":"wp","href":"https:\/\/api.w.org\/{rel}","templated":true}]}}