{"id":13785,"date":"2023-04-18T18:39:17","date_gmt":"2023-04-18T16:39:17","guid":{"rendered":"https:\/\/www.skmisia.ch\/?p=13785"},"modified":"2024-01-15T19:51:48","modified_gmt":"2024-01-15T18:51:48","slug":"put-mariastein-21-5-2023","status":"publish","type":"post","link":"https:\/\/www.skmisia.ch\/?p=13785","title":{"rendered":"P\u00fa\u0165 Mariastein 21.5.2023"},"content":{"rendered":"\n<p>Srde\u010dne poz\u00fdvame v\u0161etk\u00fdch krajanov vo \u0160vaj\u010diarsku i&nbsp;v&nbsp;zahrani\u010d\u00ed na na\u0161u tradi\u010dn\u00fa p\u00fa\u0165 do Mariasteinu v&nbsp;nede\u013eu 21.m\u00e1ja 2023 o&nbsp;12:30 hod .<\/p>\n\n\n\n<p>Hlavn\u00fdm celebrantom bude JE Mons. <em>Marek Forg\u00e1\u010d<\/em>, pomocn\u00fd biskup ko\u0161ick\u00fd. Sl\u00e1vnostn\u00fa sv. om\u0161u koncelebruj\u00fa: n\u00e1\u0161 mison\u00e1r pater <em>Pavol \u0160ajgal\u00edk<\/em>, OFMCap, p\u00e1n rektor ko\u0161ickej teologickej fakulty sv. Karola Boromejsk\u00e9ho Dr. theol. <em>\u0160tefan Novotn\u00fd<\/em>,&nbsp;p\u00e1ter Dr. <em>Hans Schaller<\/em> SJ, Basel. Na organe doprev\u00e1dza <em>Jozef Sopko<\/em>, spev s\u00f3lo: p\u00e1n <em>Martin Oscit\u00fd<\/em>. Ve\u013emi srde\u010dne v\u00edtame ml\u00e1de\u017enick\u00e9 spev\u00e1cke skupiny z&nbsp;Z\u00fcrichu a&nbsp;zo \u017denevy. Podujatie sa kon\u00e1 pod z\u00e1\u0161titou p\u00e1na ve\u013evyslanca Slovenskej republiky v&nbsp;Berne JE <em>Alexandra Micov\u010dina<\/em>.<\/p>\n\n\n\n<p>Spolo\u010dnou \u00fa\u010das\u0165ou pri modlitbe, speve a&nbsp;vz\u00e1jomnom stretnut\u00ed si uct\u00edme Pannu M\u00e1riu, patr\u00f3nku Slovenska, reprezentujeme navonok na\u0161u n\u00e1rodn\u00fa identitu a&nbsp;utu\u017e\u00edme vz\u00e1jomn\u00e9 priate\u013esk\u00e9 spojenia.<\/p>\n\n\n\n<p>Po sv. om\u0161i sa stretneme pri spolo\u010dnom obede v&nbsp;Restaurant Post, pri bazilike. Prihl\u00e1\u0161ky na obed adresujte, pros\u00edm, do 14.m\u00e1ja 2023 na adresu:<\/p>\n\n\n\n<p>Jozef Sopko, mail: <a href=\"mailto:Joseph.Sopko@unibas.ch\">Joseph.Sopko@unibas.ch<\/a>,<\/p>\n\n\n\n<p>SMS a telef\u00f3n: 0041 76 347 13 02<\/p>\n\n\n\n<p>Te\u0161\u00edme sa na V\u00e1s v\u0161etk\u00fdch a srde\u010dne pozdravujeme.<\/p>\n\n\n\n<p>Jozef Sopko, za Slovensk\u00fa katol\u00edcku misiu Basel.<\/p>\n\n\n\n<p><\/p>\n\n\n\n<p><\/p>\n\n\n\n<p><strong>Biskupsk\u00fd erb monsignora Marka Forg\u00e1\u010da.<\/strong><\/p>\n\n\n\n<p>V&nbsp;centre je lev dr\u017eiaci knihu evanjelia \u2013 symbol evanjelistu sv. Marka, krstn\u00e9ho patr\u00f3na p\u00e1na biskupa; PAX TIBI MARCE, EVANGELISTA MEUS.<\/p>\n\n\n\n<p>Nad obrazom je latinsk\u00fd procesiov\u00fd kr\u00ed\u017e a zelen\u00fd biskupsk\u00fd klob\u00fak so \u0161iestimi strapcami na ka\u017edej strane. V hornej \u010dasti modr\u00e9ho \u0161t\u00edtu s\u00fa umiestnen\u00e9 tri \u017elt\u00e9 \u013ealie, ktor\u00e9 s\u00fa symbolom&nbsp;<a href=\"https:\/\/sk.wikipedia.org\/wiki\/Ko%C5%A1ice\">Ko\u0161\u00edc<\/a>. Ich prstence v\u0161ak maj\u00fa \u010derven\u00fa farbu \u2013 znak&nbsp;<a href=\"https:\/\/sk.wikipedia.org\/wiki\/Mu%C4%8Den%C3%ADk\">mu\u010den\u00edctva<\/a>, a symbolizuj\u00fa&nbsp;<a href=\"https:\/\/sk.wikipedia.org\/wiki\/Ko%C5%A1ick%C3%AD_mu%C4%8Den%C3%ADci\">troch sv\u00e4t\u00fdch Ko\u0161ick\u00fdch mu\u010den\u00edkov<\/a>, ako to p\u00e1n biskup autorovi \u010dl\u00e1nku osobne zdelil. P\u00e1n biskup m\u00e1 osobitn\u00fa \u00factu ku trom Ko\u0161ick\u00fdm mu\u010den\u00edkom &#8211; jezuitom (Marek Kri\u017ein, \u0160tefan Pongr\u00e1cz, Melichar Grodiecki \u2013 umu\u010den\u00ed 7. Septembra 1619, ktor\u00fdch sv. p\u00e1pe\u017e J\u00e1n Pavol II. vyhl\u00e1sil 1995 v Ko\u0161iciach za sv\u00e4t\u00fdch). Hlavn\u00fa \u010das\u0165 erbu tvor\u00ed lev, nes\u00faci knihu&nbsp;<a href=\"https:\/\/sk.wikipedia.org\/wiki\/Evanjelium_(spisy)\">evanjelia<\/a>. Symbol leva poch\u00e1dza od&nbsp;<a href=\"https:\/\/sk.wikipedia.org\/wiki\/Ezechiel_(prorok)\">proroka Ezechiela<\/a>&nbsp;a zo Zjavenia&nbsp;<a href=\"https:\/\/sk.wikipedia.org\/wiki\/J%C3%A1n_(apo%C5%A1tol)\">apo\u0161tola J\u00e1na<\/a>. Lev z\u00e1rove\u0148 nazna\u010duje za\u010diatok Evanjelia&nbsp;<a href=\"https:\/\/sk.wikipedia.org\/wiki\/Marek_(evanjelista)\">sv. Marka<\/a>, kde je&nbsp;<a href=\"https:\/\/sk.wikipedia.org\/wiki\/J%C3%A1n_Krstite%C4%BE\">J\u00e1n Krstite\u013e<\/a>&nbsp;ozna\u010den\u00fd ako \u201cHlas volaj\u00faceho na p\u00fa\u0161ti,\u201d ktor\u00fd vol\u00e1: \u201cPripravte cestu P\u00e1novi!\u201d Je to ako mocn\u00fd hlas leva na p\u00fa\u0161ti, ktor\u00fd pripom\u00edna, \u017ee P\u00e1n je bl\u00edzko (<em>Dominus Prope<\/em>) \u2013 \u010do je biskupsk\u00fdm heslom nosite\u013ea erbu, ktor\u00fd chce by\u0165 ohlasovate\u013eom tejto bl\u00edzkosti.<\/p>\n\n\n\n<p>11. j\u00fana 2016 vymenoval sv. otec p\u00e1pe\u017e Franti\u0161ek Marka Forg\u00e1\u010da za pomocn\u00e9ho biskupa (Weihbischoff) ko\u0161ickej diec\u00e9zy a za titul\u00e1rneho biskupa <em>Seleuciana<\/em>. 1. Septembra 2016 bol v ko\u0161ickej katedr\u00e1le sv. Al\u017ebety konsekrovan\u00fd na biskupa. To je trad\u00edcia v katol\u00edckej cirkvi, \u017ee na jednom mieste m\u00f4\u017ee by\u0165 iba jeden biskup. Preto p\u00e1pe\u017e ude\u013euje druh\u00e9mu biskupovi v tom istom s\u00eddle, titul jedn\u00e9ho d\u00e1vno za\u0161l\u00e9ho biskupstva. Saleucia (\u03a3\u03b5\u03bb\u03b5\u03cd\u03ba\u03b5\u03b9\u03b1) na pravom brehu rieky Tigris bolo v Mezopot\u00e1mii mesto zo 600 000 obyvate\u013emi. Roku 410 sa tu dokonca konal cirkevn\u00fd koncil, pri ktorom sa prvykr\u00e1t pou\u017eil pojem <em>Katholikos.<\/em> Vtedaj\u0161\u00ed biskup <em>Mar Isaac<\/em> bol ozna\u010den\u00fd ako <em>Katholikos<\/em> a bol mu udelen\u00fd cirkevn\u00fd prim\u00e1t nach cel\u00fdm orientom. Mesto za\u0161lo postupom st\u00e1ro\u010d\u00ed roz\u0161\u00edren\u00edm p\u00fa\u0161te, pravdepodobne n\u00e1sledkom zmeny toku rieky Tigris.<\/p>\n\n\n\n<p>P\u00e1n biskup Marek Forg\u00e1\u010d je okrem svojej biskupskej funkcie z\u00e1rove\u0148 docentom na Teologickej fakulte Katol\u00edckej univerzity v Ko\u0161iciach<\/p>\n\n\n\n<p>a preukazuje bohat\u00fa publika\u010dn\u00fa a medi\u00e1lnu \u010dinnos\u0165.<\/p>\n\n\n\n<p>V\u00edtame p\u00e1na biskupa Marka Forg\u00e1\u010da a te\u0161\u00edme sa na sl\u00e1vnostn\u00fa sv. om\u0161u<\/p>\n\n\n\n<p>v Mariasteine a na osobn\u00e9 kontakty s na\u0161imi hos\u0165ami.<\/p>\n\n\n\n<p>Srde\u010dne,<\/p>\n\n\n\n<p>V\u00e1\u0161 Jozef Sopko.<\/p>\n\n\n\n<figure class=\"wp-block-image size-full\"><a href=\"https:\/\/www.skmisia.ch\/wp-content\/uploads\/2023\/04\/image.png\"><img decoding=\"async\" loading=\"lazy\" width=\"589\" height=\"627\" src=\"https:\/\/www.skmisia.ch\/wp-content\/uploads\/2023\/04\/image.png\" alt=\"\" class=\"wp-image-13786\" srcset=\"https:\/\/www.skmisia.ch\/wp-content\/uploads\/2023\/04\/image.png 589w, https:\/\/www.skmisia.ch\/wp-content\/uploads\/2023\/04\/image-282x300.png 282w\" sizes=\"(max-width: 589px) 100vw, 589px\" \/><\/a><\/figure>\n","protected":false},"excerpt":{"rendered":"<p>Srde\u010dne poz\u00fdvame v\u0161etk\u00fdch krajanov vo \u0160vaj\u010diarsku i&nbsp;v&nbsp;zahrani\u010d\u00ed na na\u0161u tradi\u010dn\u00fa p\u00fa\u0165 do Mariasteinu v&nbsp;nede\u013eu 21.m\u00e1ja 2023 o&nbsp;12:30 hod . Hlavn\u00fdm celebrantom bude JE Mons. Marek Forg\u00e1\u010d, pomocn\u00fd biskup ko\u0161ick\u00fd. Sl\u00e1vnostn\u00fa sv. om\u0161u koncelebruj\u00fa: n\u00e1\u0161&#46;&#46;&#46;<\/p>\n","protected":false},"author":3,"featured_media":13787,"comment_status":"closed","ping_status":"closed","sticky":false,"template":"","format":"standard","meta":{"ngg_post_thumbnail":0},"categories":[24,1],"tags":[],"_links":{"self":[{"href":"https:\/\/www.skmisia.ch\/index.php?rest_route=\/wp\/v2\/posts\/13785"}],"collection":[{"href":"https:\/\/www.skmisia.ch\/index.php?rest_route=\/wp\/v2\/posts"}],"about":[{"href":"https:\/\/www.skmisia.ch\/index.php?rest_route=\/wp\/v2\/types\/post"}],"author":[{"embeddable":true,"href":"https:\/\/www.skmisia.ch\/index.php?rest_route=\/wp\/v2\/users\/3"}],"replies":[{"embeddable":true,"href":"https:\/\/www.skmisia.ch\/index.php?rest_route=%2Fwp%2Fv2%2Fcomments&post=13785"}],"version-history":[{"count":4,"href":"https:\/\/www.skmisia.ch\/index.php?rest_route=\/wp\/v2\/posts\/13785\/revisions"}],"predecessor-version":[{"id":13850,"href":"https:\/\/www.skmisia.ch\/index.php?rest_route=\/wp\/v2\/posts\/13785\/revisions\/13850"}],"wp:featuredmedia":[{"embeddable":true,"href":"https:\/\/www.skmisia.ch\/index.php?rest_route=\/wp\/v2\/media\/13787"}],"wp:attachment":[{"href":"https:\/\/www.skmisia.ch\/index.php?rest_route=%2Fwp%2Fv2%2Fmedia&parent=13785"}],"wp:term":[{"taxonomy":"category","embeddable":true,"href":"https:\/\/www.skmisia.ch\/index.php?rest_route=%2Fwp%2Fv2%2Fcategories&post=13785"},{"taxonomy":"post_tag","embeddable":true,"href":"https:\/\/www.skmisia.ch\/index.php?rest_route=%2Fwp%2Fv2%2Ftags&post=13785"}],"curies":[{"name":"wp","href":"https:\/\/api.w.org\/{rel}","templated":true}]}}