{"id":13458,"date":"2022-10-17T12:04:05","date_gmt":"2022-10-17T10:04:05","guid":{"rendered":"https:\/\/www.skmisia.ch\/?p=13458"},"modified":"2024-01-15T19:51:48","modified_gmt":"2024-01-15T18:51:48","slug":"deti-sveta-sa-modlia-ruzenec","status":"publish","type":"post","link":"https:\/\/www.skmisia.ch\/?p=13458","title":{"rendered":"Deti sveta sa modlia ru\u017eenec"},"content":{"rendered":"\n<figure class=\"wp-block-image\"><img decoding=\"async\" loading=\"lazy\" width=\"565\" height=\"792\" src=\"https:\/\/www.skmisia.ch\/wp-content\/uploads\/2022\/10\/poster_acn_ruzenec.jpg\" alt=\"\" class=\"wp-image-13459\" srcset=\"https:\/\/www.skmisia.ch\/wp-content\/uploads\/2022\/10\/poster_acn_ruzenec.jpg 565w, https:\/\/www.skmisia.ch\/wp-content\/uploads\/2022\/10\/poster_acn_ruzenec-214x300.jpg 214w\" sizes=\"(max-width: 565px) 100vw, 565px\" \/><\/figure>\n\n\n\n<p>Mil\u00e9 deti,<br> prin\u00e1\u0161ame v\u00e1m pozv\u00e1nku od p\u00e1pe\u017eskej nad\u00e1cie <a href=\"https:\/\/acninternational.org\/millionchildrenpraying\/sk\/\">ACN &#8211; Pomoc trpiacej cirkvi.<\/a><br> ACN poz\u00fdva v\u0161etky rodiny, farnosti, \u0161koly, stretk\u00e1, katech\u00e9tov, \u010di u\u010dite\u013eov, aby sa 18. okt\u00f3bra s de\u0165mi modlili ru\u017eenec za mier a jednotu vo svete. Na celom svete sa bud\u00fa deti 18. okt\u00f3bra modli\u0165 ru\u017eenec, aby vytvorili jednu ve\u013ek\u00fa rodinu zjednoten\u00fa v modlitbe naprie\u010d n\u00e1rodmi. Modlitba buduje vz\u0165ah l\u00e1sky k Bohu a k bl\u00ed\u017enemu. Ru\u017eenec otv\u00e1ra na\u0161e srdcia pre konkr\u00e9tnu pomoc n\u00fadznym, trpiacim a prenasledovan\u00fdm, v ktor\u00fdch vid\u00edme samotn\u00e9ho trpiaceho Krista. Pripojme sa aj my k tejto v\u00fdzve, spojme sa s mili\u00f3nom det\u00ed v modlitbe. Na uvedenej str\u00e1nke n\u00e1jdete okrem v\u0161etk\u00fdch inform\u00e1cii aj n\u00e1vod na modlitbu ru\u017eenca, ale aj komiks a oma\u013eov\u00e1nky.<\/p>\n\n\n\n<div class=\"wp-block-image\"><figure class=\"aligncenter is-resized\"><img decoding=\"async\" loading=\"lazy\" src=\"https:\/\/www.skmisia.ch\/wp-content\/uploads\/2022\/09\/fcela_100px.jpg\" alt=\"\" class=\"wp-image-13105\" width=\"38\" height=\"50\"\/><\/figure><\/div>\n\n\n\n<p>Radi by sme v\u00e1m a va\u0161im rodi\u010dom dali do pozornosti najbli\u017e\u0161\u00ed term\u00edn detskej sv\u00e4tej om\u0161e, ktor\u00e1 sa uskuto\u010dn\u00ed 23.10. o 11:00. Ak m\u00e1te mo\u017enos\u0165, nev\u00e1hajte a pr\u00ed\u010fte.<br><\/p>\n\n\n\n<p>St\u00e1le tie\u017e plat\u00ed na\u0161a septembrov\u00e1 v\u00fdtvarn\u00e1 v\u00fdzva. Pridala sa k nej u\u017e aj v\u00fdtvarn\u00e1 s\u00fa\u0165a\u017e z Mil\u00e1na (vi\u010f predo\u0161l\u00fd pr\u00edspevok). Tak\u017ee kreslite, ma\u013eujte a posielajte. Svojou kreativitou prinesiete rados\u0165 a kr\u00e1su na tento svet.&nbsp;<br><\/p>\n\n\n\n<p>\u017del\u00e1me v\u00e1m par\u00e1dne jesenn\u00e9 pr\u00e1zdniny.<\/p>\n\n\n\n<p>Barbora a Dominika<br><\/p>\n","protected":false},"excerpt":{"rendered":"<p>Mil\u00e9 deti, prin\u00e1\u0161ame v\u00e1m pozv\u00e1nku od p\u00e1pe\u017eskej nad\u00e1cie ACN &#8211; Pomoc trpiacej cirkvi. ACN poz\u00fdva v\u0161etky rodiny, farnosti, \u0161koly, stretk\u00e1, katech\u00e9tov, \u010di u\u010dite\u013eov, aby sa 18. okt\u00f3bra s de\u0165mi modlili ru\u017eenec za mier a&#46;&#46;&#46;<\/p>\n","protected":false},"author":14,"featured_media":13459,"comment_status":"closed","ping_status":"closed","sticky":false,"template":"","format":"standard","meta":{"ngg_post_thumbnail":0},"categories":[26,24],"tags":[],"_links":{"self":[{"href":"https:\/\/www.skmisia.ch\/index.php?rest_route=\/wp\/v2\/posts\/13458"}],"collection":[{"href":"https:\/\/www.skmisia.ch\/index.php?rest_route=\/wp\/v2\/posts"}],"about":[{"href":"https:\/\/www.skmisia.ch\/index.php?rest_route=\/wp\/v2\/types\/post"}],"author":[{"embeddable":true,"href":"https:\/\/www.skmisia.ch\/index.php?rest_route=\/wp\/v2\/users\/14"}],"replies":[{"embeddable":true,"href":"https:\/\/www.skmisia.ch\/index.php?rest_route=%2Fwp%2Fv2%2Fcomments&post=13458"}],"version-history":[{"count":2,"href":"https:\/\/www.skmisia.ch\/index.php?rest_route=\/wp\/v2\/posts\/13458\/revisions"}],"predecessor-version":[{"id":13461,"href":"https:\/\/www.skmisia.ch\/index.php?rest_route=\/wp\/v2\/posts\/13458\/revisions\/13461"}],"wp:featuredmedia":[{"embeddable":true,"href":"https:\/\/www.skmisia.ch\/index.php?rest_route=\/wp\/v2\/media\/13459"}],"wp:attachment":[{"href":"https:\/\/www.skmisia.ch\/index.php?rest_route=%2Fwp%2Fv2%2Fmedia&parent=13458"}],"wp:term":[{"taxonomy":"category","embeddable":true,"href":"https:\/\/www.skmisia.ch\/index.php?rest_route=%2Fwp%2Fv2%2Fcategories&post=13458"},{"taxonomy":"post_tag","embeddable":true,"href":"https:\/\/www.skmisia.ch\/index.php?rest_route=%2Fwp%2Fv2%2Ftags&post=13458"}],"curies":[{"name":"wp","href":"https:\/\/api.w.org\/{rel}","templated":true}]}}