{"id":13128,"date":"2022-09-13T11:01:04","date_gmt":"2022-09-13T09:01:04","guid":{"rendered":"https:\/\/www.skmisia.ch\/?p=13128"},"modified":"2024-01-15T19:51:48","modified_gmt":"2024-01-15T18:51:48","slug":"40-dnova-retaz-postu-a-modlitieb-za-knazov-3","status":"publish","type":"post","link":"https:\/\/www.skmisia.ch\/?p=13128","title":{"rendered":"40-d\u0148ov\u00e1 re\u0165az p\u00f4stu a modlitieb za k\u0148azov"},"content":{"rendered":"\n<p><strong>15.\nseptembra a\u017e 24. okt\u00f3bra 2022<\/strong><\/p>\n\n\n\n<p><strong>Pridaj sa k n\u00e1m!<\/strong><\/p>\n\n\n\n<p>Aj v tomto roku poz\u00fdvame k p\u00f4stu a modlitb\u00e1m za k\u0148azov. 40-d\u0148ov\u00e1 re\u0165az p\u00f4stu a modlitieb bude trva\u0165 od sviatku Sedembolestnej Panny M\u00e1rie, teda od 15.9. do 24.10.2022. Ak sa zapoj\u00ed\u0161, m\u00f4\u017ee\u0161 si vybra\u0165 \u013eubovo\u013en\u00fd de\u0148 (pr\u00edpadne aj viac) v tomto obdob\u00ed a obetova\u0165 ho za na\u0161ich duchovn\u00fdch otcov. <strong>Ak sa chce\u0161 prida\u0165, pros\u00edm ozn\u00e1m to mailom na adresu<\/strong>, aby sme mohli \u010do najlep\u0161ie pokry\u0165 cel\u00fd \u010das:  <strong>bacovcinova.eva@icloud.com <\/strong><\/p>\n\n\n\n<p><strong>Za \u010do sa\nposti\u0165 a modli\u0165?<\/strong><\/p>\n\n\n\n<p>P\u00f4stne \u00famysly m\u00f4\u017eu by\u0165 r\u00f4zne.\nNa\u0161e obety a&nbsp;modlitby potrebuj\u00fa aj k\u0148azi star\u00ed a chor\u00ed. K\u0148azi so zranen\u00fdm\nsrdcom, sp\u00fatan\u00ed r\u00f4znymi z\u00e1vislos\u0165ami, alebo tak\u00ed, ktor\u00ed sa c\u00edtia vyhoren\u00ed. P\u00f4st\nm\u00f4\u017ee\u0161 obetova\u0165 za pastiera vo svojej farnosti, za k\u0148aza, ktor\u00fd \u0165a krstil, \u010di\nvysl\u00fa\u017eil a aj dnes vysluhuje sviatosti. Ale aj za t\u00fdch k\u0148azov, ktor\u00ed ti najviac\npomohli na ceste k&nbsp;Bohu. M\u00f4\u017ee\u0161 ho tie\u017e obetova\u0165 za nov\u00e9 povolania do\nk\u0148azstva, \u010di za odvahu pre chlapcov urobi\u0165 konkr\u00e9tne rozhodnutie ako reakciu na\nBo\u017eie povolanie.<\/p>\n\n\n\n<p><strong>Ako sa\nposti\u0165?<\/strong><\/p>\n\n\n\n<p>Odpor\u00fa\u010dame p\u00f4st, ako ho\nv&nbsp;Katol\u00edckej cirkvi pre\u017e\u00edvame na Popolcov\u00fa stredu a&nbsp;Ve\u013ek\u00fd piatok. To\nznamen\u00e1, \u017ee iba raz za de\u0148 sa dos\u00fdta najes\u0165 a&nbsp;zdr\u017ea\u0165 sa m\u00e4sit\u00e9ho jedla. Ak\nm\u00e1\u0161 zdravotn\u00e9 obmedzenia a&nbsp;nem\u00f4\u017ee\u0161 sa t\u00fdmto sp\u00f4sobom posti\u0165, m\u00f4\u017ee\u0161 si\nvybra\u0165 in\u00fa, tebe primeran\u00fa, formu p\u00f4stu.<\/p>\n\n\n\n<p><strong>Po\u017eehnanie<\/strong><\/p>\n\n\n\n<p>Svoje po\u017eehnanie a podporu\nakcii vyslovili obaja metropoliti R\u00edmskokatol\u00edckej cirkvi na Slovensku &#8211; o.\narcibiskup Mons. Stanislav Zvolensk\u00fd a o. arcibiskup Mons. Bernard Bober.<\/p>\n","protected":false},"excerpt":{"rendered":"<p>15. septembra a\u017e 24. okt\u00f3bra 2022 Pridaj sa k n\u00e1m! Aj v tomto roku poz\u00fdvame k p\u00f4stu a modlitb\u00e1m za k\u0148azov. 40-d\u0148ov\u00e1 re\u0165az p\u00f4stu a modlitieb bude trva\u0165 od sviatku Sedembolestnej Panny M\u00e1rie, teda&#46;&#46;&#46;<\/p>\n","protected":false},"author":3,"featured_media":13129,"comment_status":"closed","ping_status":"closed","sticky":false,"template":"","format":"standard","meta":{"ngg_post_thumbnail":0},"categories":[24,1],"tags":[],"_links":{"self":[{"href":"https:\/\/www.skmisia.ch\/index.php?rest_route=\/wp\/v2\/posts\/13128"}],"collection":[{"href":"https:\/\/www.skmisia.ch\/index.php?rest_route=\/wp\/v2\/posts"}],"about":[{"href":"https:\/\/www.skmisia.ch\/index.php?rest_route=\/wp\/v2\/types\/post"}],"author":[{"embeddable":true,"href":"https:\/\/www.skmisia.ch\/index.php?rest_route=\/wp\/v2\/users\/3"}],"replies":[{"embeddable":true,"href":"https:\/\/www.skmisia.ch\/index.php?rest_route=%2Fwp%2Fv2%2Fcomments&post=13128"}],"version-history":[{"count":2,"href":"https:\/\/www.skmisia.ch\/index.php?rest_route=\/wp\/v2\/posts\/13128\/revisions"}],"predecessor-version":[{"id":13131,"href":"https:\/\/www.skmisia.ch\/index.php?rest_route=\/wp\/v2\/posts\/13128\/revisions\/13131"}],"wp:featuredmedia":[{"embeddable":true,"href":"https:\/\/www.skmisia.ch\/index.php?rest_route=\/wp\/v2\/media\/13129"}],"wp:attachment":[{"href":"https:\/\/www.skmisia.ch\/index.php?rest_route=%2Fwp%2Fv2%2Fmedia&parent=13128"}],"wp:term":[{"taxonomy":"category","embeddable":true,"href":"https:\/\/www.skmisia.ch\/index.php?rest_route=%2Fwp%2Fv2%2Fcategories&post=13128"},{"taxonomy":"post_tag","embeddable":true,"href":"https:\/\/www.skmisia.ch\/index.php?rest_route=%2Fwp%2Fv2%2Ftags&post=13128"}],"curies":[{"name":"wp","href":"https:\/\/api.w.org\/{rel}","templated":true}]}}