{"id":13078,"date":"2022-08-31T21:11:05","date_gmt":"2022-08-31T19:11:05","guid":{"rendered":"https:\/\/www.skmisia.ch\/?p=13078"},"modified":"2024-01-15T19:51:49","modified_gmt":"2024-01-15T18:51:49","slug":"sv-omse-v-septembri-uz-v-neprazdninovom-mode","status":"publish","type":"post","link":"https:\/\/www.skmisia.ch\/?p=13078","title":{"rendered":"Sv. om\u0161e v septembri u\u017e v nepr\u00e1zdninovom m\u00f3de"},"content":{"rendered":"\n<p>Od za\u010diatku septembra za\u010d\u00edna &#8211; s mal\u00fdmi \u00fapravami kv\u00f4li p\u00fati v Einsiedeln (t\u00e1to sa kon\u00e1 11.9. &#8211; vi\u010f star\u0161\u00ed oznam na webstr\u00e1nke misie) &#8211; norm\u00e1lny rozpis bohoslu\u017eieb. V piatok 2. 9. je prvopiatkov\u00e1 sv. om\u0161a v ZH a za\u010d\u00ednaj\u00fa aj sv. om\u0161e v stredu v kostole Don Bosco. V Berne je sv. om\u0161a z 10.9. presunut\u00e1 na 3.9. a v Bazileji bude sv. om\u0161a ako zvy\u010dajne prv\u00fa nede\u013eu v mesiaci, teda 4.9. 2022.<\/p>\n","protected":false},"excerpt":{"rendered":"<p>Od za\u010diatku septembra za\u010d\u00edna &#8211; s mal\u00fdmi \u00fapravami kv\u00f4li p\u00fati v Einsiedeln (t\u00e1to sa kon\u00e1 11.9. &#8211; vi\u010f star\u0161\u00ed oznam na webstr\u00e1nke misie) &#8211; norm\u00e1lny rozpis bohoslu\u017eieb. V piatok 2. 9. je prvopiatkov\u00e1 sv.&#46;&#46;&#46;<\/p>\n","protected":false},"author":3,"featured_media":13079,"comment_status":"closed","ping_status":"closed","sticky":false,"template":"","format":"standard","meta":{"ngg_post_thumbnail":0},"categories":[24,1],"tags":[],"_links":{"self":[{"href":"https:\/\/www.skmisia.ch\/index.php?rest_route=\/wp\/v2\/posts\/13078"}],"collection":[{"href":"https:\/\/www.skmisia.ch\/index.php?rest_route=\/wp\/v2\/posts"}],"about":[{"href":"https:\/\/www.skmisia.ch\/index.php?rest_route=\/wp\/v2\/types\/post"}],"author":[{"embeddable":true,"href":"https:\/\/www.skmisia.ch\/index.php?rest_route=\/wp\/v2\/users\/3"}],"replies":[{"embeddable":true,"href":"https:\/\/www.skmisia.ch\/index.php?rest_route=%2Fwp%2Fv2%2Fcomments&post=13078"}],"version-history":[{"count":1,"href":"https:\/\/www.skmisia.ch\/index.php?rest_route=\/wp\/v2\/posts\/13078\/revisions"}],"predecessor-version":[{"id":13080,"href":"https:\/\/www.skmisia.ch\/index.php?rest_route=\/wp\/v2\/posts\/13078\/revisions\/13080"}],"wp:featuredmedia":[{"embeddable":true,"href":"https:\/\/www.skmisia.ch\/index.php?rest_route=\/wp\/v2\/media\/13079"}],"wp:attachment":[{"href":"https:\/\/www.skmisia.ch\/index.php?rest_route=%2Fwp%2Fv2%2Fmedia&parent=13078"}],"wp:term":[{"taxonomy":"category","embeddable":true,"href":"https:\/\/www.skmisia.ch\/index.php?rest_route=%2Fwp%2Fv2%2Fcategories&post=13078"},{"taxonomy":"post_tag","embeddable":true,"href":"https:\/\/www.skmisia.ch\/index.php?rest_route=%2Fwp%2Fv2%2Ftags&post=13078"}],"curies":[{"name":"wp","href":"https:\/\/api.w.org\/{rel}","templated":true}]}}