{"id":12180,"date":"2022-03-31T15:13:52","date_gmt":"2022-03-31T13:13:52","guid":{"rendered":"https:\/\/www.skmisia.ch\/?p=12180"},"modified":"2024-01-15T19:51:49","modified_gmt":"2024-01-15T18:51:49","slug":"rodinny-vikend-2022","status":"publish","type":"post","link":"https:\/\/www.skmisia.ch\/?p=12180","title":{"rendered":"RODINN\u00dd V\u00cdKEND 2022:"},"content":{"rendered":"\n<p>Lebo kde s\u00fa dvaja alebo traja zhroma\u017eden\u00ed v mojom mene, tam som ja medzi nimi. (Je\u017ei\u0161)<\/p>\n\n\n\n<p>Ahojte <\/p>\n\n\n\n<p>Tak sa n\u00e1m pandemick\u00e9 opatrenia uvo\u013enili a&nbsp;my m\u00f4\u017eeme obnovi\u0165 trad\u00edciu <strong>RODINN\u00ddCH V\u00cdKEDNOV <\/strong><\/p>\n\n\n\n<p>A tak &nbsp;a si V\u00e1s znovu dovo\u013eujeme pozva\u0165 na rodinn\u00fd v\u00edkend, ktor\u00fd sa uskuto\u010dn\u00ed 4.6 &#8211; 6.6. v malebnom prostred\u00ed Beatenbergu.<\/p>\n\n\n\n<p>\u010cak\u00e1 n\u00e1s <\/p>\n\n\n\n<ul><li>Sp\u00fasta vysokokvalitnej rodinnej z\u00e1bavy <\/li><li>Moderovan\u00e1\nz\u00e1bava pre deti aj dospel\u00fdch<\/li><li>Spolo\u010dn\u00fd\nv\u00fdlet \u2013 okolie Beatenbergu je n\u00e1dhern\u00e9, tak ho tro\u0161ku objav\u00edme spolu<\/li><li>Bohat\u00fd\nduchovn\u00fd program (Tentokr\u00e1t zameran\u00fd na man\u017eelov \u2013 kde V\u00e1m sk\u00fasime vytvori\u0165 priestor na vz\u00e1jomn\u00fd\nmoderovan\u00fd rozhovor a preh\u013abenie V\u00e1\u0161ho vz\u0165ahu)<\/li><li>Netradi\u010dn\u00e1 Sv\u00e4t\u00e1 Om\u0161a s vysvetlivkami<\/li><li>Ve\u010der pre dospel\u00fdch <\/li><li>a ve\u013ea in\u00e9ho.<\/li><\/ul>\n\n\n\n<p>Po\u010das cel\u00e9ho v\u00edkendu n\u00e1m\nbude k dispoz\u00edcii k\u0148az na spovede, duchovn\u00e9 rozhovory a skr\u00e1tka na \u010doko\u013evek.<\/p>\n\n\n\n<p>Prihlasova\u0165 sa m\u00f4\u017eete<a href=\"https:\/\/docs.google.com\/forms\/d\/e\/1FAIpQLScHFCWUsAVnOenNYBMLw8QjICfBPsbWJYv6Lkp9qcadQ0TPdg\/viewform?usp=sf_link\"> TU <\/a><\/p>\n\n\n\n<p>Cena* \u2013 n\u00e1\u0161 organiza\u010dn\u00fd\nt\u00edm tvrdo vyjedn\u00e1val \u010do najlep\u0161ie podmienky, ceny s\u00fa:<\/p>\n\n\n\n<ul><li>Dospel\u00e1 osoba: 230,- CHF<\/li><li>Die\u0165a od 6 do 14 rokov: 110,- CHF<\/li><li>Die\u0165a od 3 do 6 rokov: &nbsp;80,- CHF<\/li><\/ul>\n\n\n\n<p>\u00da\u010dastn\u00edcky\npoplatok pros\u00edme uhradi\u0165 po vyplnen\u00ed prihl\u00e1\u0161ky priamo na \u00fa\u010det misie: IBAN CH31\n0900 0000 8771 3760 8.<\/p>\n\n\n\n<p>Do spr\u00e1vy pre prijmate\u013ea pros\u00edm uve\u010fte : <em>Beatenberg\n2022 Priezvisko<\/em><\/p>\n\n\n\n<p>Dotazy ak\u00e9hoko\u013evek druhu\nsmerujte Milana Bedn\u00e1ra alebo Pe\u0165a \u0160ipulu \u010di u\u017e mailom (<a href=\"mailto:milan.bednar@icloud.com\">milan.bednar@icloud.com<\/a> , <a href=\"mailto:petosipula@gmail.com\">petosipula@gmail.com<\/a>) &nbsp;alebo \u00faplne najlep\u0161ie osobne.<\/p>\n\n\n\n<p>*\u00da\u010dastn\u00edcky poplatok zah\u0155\u0148a n\u00e1klady na ubytovanie a stravu (Pln\u00e1 penzia po\u010das cel\u00e9ho pobytu \u2013 a varia tam paradne \ud83d\ude42 ). <strong>\u00dahrada za prv\u00e9 dve deti je povinn\u00e1, za ka\u017ed\u00e9 \u010fal\u0161ie die\u0165a dobrovo\u013en\u00e1.<\/strong>&nbsp;Ka\u017ed\u00fd darcovsk\u00fd pr\u00edspevok n\u00e1s pote\u0161\u00ed, pou\u017eijeme ho na \u00fahradu re\u017eijn\u00fdch n\u00e1kladov (n\u00e1klady na anim\u00e1torov, predn\u00e1\u0161aj\u00facich, materi\u00e1l na tvorenie pre deti).<br> V pr\u00edpade, \u017ee kv\u00f4li rodinn\u00e9mu rozpo\u010dtu potrebujete z\u013eavu, nev\u00e1hajte sa obr\u00e1ti\u0165 na organiza\u010dn\u00fd t\u00edm.<\/p>\n","protected":false},"excerpt":{"rendered":"<p>Lebo kde s\u00fa dvaja alebo traja zhroma\u017eden\u00ed v mojom mene, tam som ja medzi nimi. (Je\u017ei\u0161) Ahojte Tak sa n\u00e1m pandemick\u00e9 opatrenia uvo\u013enili a&nbsp;my m\u00f4\u017eeme obnovi\u0165 trad\u00edciu RODINN\u00ddCH V\u00cdKEDNOV A tak &nbsp;a si V\u00e1s&#46;&#46;&#46;<\/p>\n","protected":false},"author":3,"featured_media":12181,"comment_status":"closed","ping_status":"closed","sticky":false,"template":"","format":"standard","meta":{"ngg_post_thumbnail":0},"categories":[24,1],"tags":[],"_links":{"self":[{"href":"https:\/\/www.skmisia.ch\/index.php?rest_route=\/wp\/v2\/posts\/12180"}],"collection":[{"href":"https:\/\/www.skmisia.ch\/index.php?rest_route=\/wp\/v2\/posts"}],"about":[{"href":"https:\/\/www.skmisia.ch\/index.php?rest_route=\/wp\/v2\/types\/post"}],"author":[{"embeddable":true,"href":"https:\/\/www.skmisia.ch\/index.php?rest_route=\/wp\/v2\/users\/3"}],"replies":[{"embeddable":true,"href":"https:\/\/www.skmisia.ch\/index.php?rest_route=%2Fwp%2Fv2%2Fcomments&post=12180"}],"version-history":[{"count":3,"href":"https:\/\/www.skmisia.ch\/index.php?rest_route=\/wp\/v2\/posts\/12180\/revisions"}],"predecessor-version":[{"id":12190,"href":"https:\/\/www.skmisia.ch\/index.php?rest_route=\/wp\/v2\/posts\/12180\/revisions\/12190"}],"wp:featuredmedia":[{"embeddable":true,"href":"https:\/\/www.skmisia.ch\/index.php?rest_route=\/wp\/v2\/media\/12181"}],"wp:attachment":[{"href":"https:\/\/www.skmisia.ch\/index.php?rest_route=%2Fwp%2Fv2%2Fmedia&parent=12180"}],"wp:term":[{"taxonomy":"category","embeddable":true,"href":"https:\/\/www.skmisia.ch\/index.php?rest_route=%2Fwp%2Fv2%2Fcategories&post=12180"},{"taxonomy":"post_tag","embeddable":true,"href":"https:\/\/www.skmisia.ch\/index.php?rest_route=%2Fwp%2Fv2%2Ftags&post=12180"}],"curies":[{"name":"wp","href":"https:\/\/api.w.org\/{rel}","templated":true}]}}