{"id":12168,"date":"2022-03-26T09:42:59","date_gmt":"2022-03-26T08:42:59","guid":{"rendered":"https:\/\/www.skmisia.ch\/?p=12168"},"modified":"2024-01-15T19:51:49","modified_gmt":"2024-01-15T18:51:49","slug":"krizova-cesta-pre-rodiny-s-detmi","status":"publish","type":"post","link":"https:\/\/www.skmisia.ch\/?p=12168","title":{"rendered":"Kr\u00ed\u017eov\u00e1 cesta pre rodiny s de\u0165mi"},"content":{"rendered":"\n<p>Kr\u00ed\u017eov\u00e1  cesta pre rodiny s de\u0165mi a priate\u013eov sa uskuto\u010dn\u00ed v sobotu 9. apr\u00edla o  11 -tej hod. v lese nad Spreitenbachom pri Waldh\u00fctte Remetschwil.<\/p>\n\n\n\n<p> Tematicky bude zameran\u00e1 za mier vo svete.<\/p>\n\n\n\n<p>Mo\u017enosti pr\u00edchodu:<\/p>\n\n\n\n<p><strong>1. <\/strong>Zraz: 10.30 hod Heitersbergstrasse 8, 8957 Spreitenbach na parkovisku, potom kr\u00e1tky presun k miestu kr\u00ed\u017eovej cesty:<\/p>\n\n\n\n<ul><li>  Parkplatz Chalet Heitersberg Ristorante, Heitersbergstr 9, 8957 Spreitenbach<a class=\"\" href=\"https:\/\/goo.gl\/maps\/Ka9Eh6fKmPgyHkff7\">https:\/\/goo.gl\/maps\/Ka9Eh6fKmPgyHkff7<\/a><\/li><\/ul>\n\n\n\n<p><strong>ALEBO<\/strong><\/p>\n\n\n\n<p><strong>2.<\/strong> Zraz o 11-tej priamo pri Waldh\u00fctte Remetschwil, kde je za\u010diatok kr\u00ed\u017eovej cesty, aj ohnisko:<\/p>\n\n\n\n<ul><li> Waldh\u00fctte Remetschwil<a class=\"\" href=\"https:\/\/goo.gl\/maps\/Rpj5jLUqfmWTHTLU6\">https:\/\/goo.gl\/maps\/Rpj5jLUqfmWTHTLU6<\/a><\/li><\/ul>\n\n\n\n<p>Po kr\u00ed\u017eovej ceste bude opeka\u010dka. Prineste si nie\u010do na opekanie?.<\/p>\n\n\n\n<p>Info:&nbsp;Luba Batkova, 0765164886<\/p>\n\n\n\n<figure class=\"wp-block-image\"><img decoding=\"async\" loading=\"lazy\" width=\"1024\" height=\"590\" src=\"https:\/\/www.skmisia.ch\/wp-content\/uploads\/2022\/03\/Sn\u00edmka-1024x590.png\" alt=\"\" class=\"wp-image-12169\" srcset=\"https:\/\/www.skmisia.ch\/wp-content\/uploads\/2022\/03\/Sn\u00edmka-1024x590.png 1024w, https:\/\/www.skmisia.ch\/wp-content\/uploads\/2022\/03\/Sn\u00edmka-300x173.png 300w, https:\/\/www.skmisia.ch\/wp-content\/uploads\/2022\/03\/Sn\u00edmka-768x443.png 768w, https:\/\/www.skmisia.ch\/wp-content\/uploads\/2022\/03\/Sn\u00edmka.png 1421w\" sizes=\"(max-width: 1024px) 100vw, 1024px\" \/><figcaption><br><\/figcaption><\/figure>\n\n\n\n<figure class=\"wp-block-image\"><img decoding=\"async\" loading=\"lazy\" width=\"1024\" height=\"659\" src=\"https:\/\/www.skmisia.ch\/wp-content\/uploads\/2022\/03\/Sn\u00edmka2-1024x659.png\" alt=\"\" class=\"wp-image-12170\" srcset=\"https:\/\/www.skmisia.ch\/wp-content\/uploads\/2022\/03\/Sn\u00edmka2-1024x659.png 1024w, https:\/\/www.skmisia.ch\/wp-content\/uploads\/2022\/03\/Sn\u00edmka2-300x193.png 300w, https:\/\/www.skmisia.ch\/wp-content\/uploads\/2022\/03\/Sn\u00edmka2-768x494.png 768w, https:\/\/www.skmisia.ch\/wp-content\/uploads\/2022\/03\/Sn\u00edmka2.png 1277w\" sizes=\"(max-width: 1024px) 100vw, 1024px\" \/><\/figure>\n\n\n\n<figure class=\"wp-block-image\"><img decoding=\"async\" loading=\"lazy\" width=\"1024\" height=\"584\" src=\"https:\/\/www.skmisia.ch\/wp-content\/uploads\/2022\/03\/Sn\u00edmka3-1024x584.png\" alt=\"\" class=\"wp-image-12171\" srcset=\"https:\/\/www.skmisia.ch\/wp-content\/uploads\/2022\/03\/Sn\u00edmka3-1024x584.png 1024w, https:\/\/www.skmisia.ch\/wp-content\/uploads\/2022\/03\/Sn\u00edmka3-300x171.png 300w, https:\/\/www.skmisia.ch\/wp-content\/uploads\/2022\/03\/Sn\u00edmka3-768x438.png 768w, https:\/\/www.skmisia.ch\/wp-content\/uploads\/2022\/03\/Sn\u00edmka3.png 1455w\" sizes=\"(max-width: 1024px) 100vw, 1024px\" \/><\/figure>\n","protected":false},"excerpt":{"rendered":"<p>Kr\u00ed\u017eov\u00e1 cesta pre rodiny s de\u0165mi a priate\u013eov sa uskuto\u010dn\u00ed v sobotu 9. apr\u00edla o 11 -tej hod. v lese nad Spreitenbachom pri Waldh\u00fctte Remetschwil. Tematicky bude zameran\u00e1 za mier vo svete. Mo\u017enosti pr\u00edchodu:&#46;&#46;&#46;<\/p>\n","protected":false},"author":3,"featured_media":12173,"comment_status":"closed","ping_status":"closed","sticky":false,"template":"","format":"standard","meta":{"ngg_post_thumbnail":0},"categories":[24,1],"tags":[],"_links":{"self":[{"href":"https:\/\/www.skmisia.ch\/index.php?rest_route=\/wp\/v2\/posts\/12168"}],"collection":[{"href":"https:\/\/www.skmisia.ch\/index.php?rest_route=\/wp\/v2\/posts"}],"about":[{"href":"https:\/\/www.skmisia.ch\/index.php?rest_route=\/wp\/v2\/types\/post"}],"author":[{"embeddable":true,"href":"https:\/\/www.skmisia.ch\/index.php?rest_route=\/wp\/v2\/users\/3"}],"replies":[{"embeddable":true,"href":"https:\/\/www.skmisia.ch\/index.php?rest_route=%2Fwp%2Fv2%2Fcomments&post=12168"}],"version-history":[{"count":2,"href":"https:\/\/www.skmisia.ch\/index.php?rest_route=\/wp\/v2\/posts\/12168\/revisions"}],"predecessor-version":[{"id":12174,"href":"https:\/\/www.skmisia.ch\/index.php?rest_route=\/wp\/v2\/posts\/12168\/revisions\/12174"}],"wp:featuredmedia":[{"embeddable":true,"href":"https:\/\/www.skmisia.ch\/index.php?rest_route=\/wp\/v2\/media\/12173"}],"wp:attachment":[{"href":"https:\/\/www.skmisia.ch\/index.php?rest_route=%2Fwp%2Fv2%2Fmedia&parent=12168"}],"wp:term":[{"taxonomy":"category","embeddable":true,"href":"https:\/\/www.skmisia.ch\/index.php?rest_route=%2Fwp%2Fv2%2Fcategories&post=12168"},{"taxonomy":"post_tag","embeddable":true,"href":"https:\/\/www.skmisia.ch\/index.php?rest_route=%2Fwp%2Fv2%2Ftags&post=12168"}],"curies":[{"name":"wp","href":"https:\/\/api.w.org\/{rel}","templated":true}]}}