{"id":1216,"date":"2014-05-18T18:21:45","date_gmt":"2014-05-18T17:21:45","guid":{"rendered":"https:\/\/www.skmisia.ch\/?p=1216"},"modified":"2019-04-08T21:09:18","modified_gmt":"2019-04-08T20:09:18","slug":"prve-svate-prijimanie-zurich","status":"publish","type":"post","link":"https:\/\/www.skmisia.ch\/?p=1216","title":{"rendered":"Prv\u00e9 sv\u00e4t\u00e9 prij\u00edmanie &#8211; Z\u00fcrich"},"content":{"rendered":"<p>&nbsp;<\/p>\n<p>D\u0148a 18. m\u00e1ja 2014 deti z na\u0161ej misie Kiara a Tomislav prv\u00fd kr\u00e1t prist\u00fapili k sv. prij\u00edmaniu. Na t\u00fato pre nich tak v\u00fdznamn\u00fa udalos\u0165 sa svedomito pripravovali. K sl\u00e1vnostn\u00e9mu priebehu sv. om\u0161e prispeli deti svojimi prosbami, obetn\u00fdmi darmi a spevom. Dne\u0161n\u00fd de\u0148 bol pre nich v\u00fdnimo\u010dn\u00fdm darom s nezabudnute\u013enou atmosf\u00e9rou.<\/p>\n<p>Prajem v\u00e1m mil\u00e9 deti, aby ste pozvanie k stolu &#8222;chleba a v\u00edna&#8220;, ktor\u00e9 ste dnes dostali, s rados\u0165ou pri ka\u017edej sv. om\u0161i prij\u00edmali.<\/p>\n<p>\u00daprimne po\u010fakovanie patr\u00ed otcovi Pavlovi, rodi\u010dom a s\u00farodencom, ktor\u00ed sa ak\u00fdmko\u013evek sp\u00f4sobom podie\u013eali na pr\u00edprave a priebehu tejto kr\u00e1snej sl\u00e1vnosti. V nie poslednom rade patr\u00ed ve\u013ek\u00e1 v\u010faka Jarke K., ktor\u00e1 deti po\u010das cel\u00e9ho roka sprev\u00e1dzala u\u010den\u00edm katechezmu. &#8211; M.\u0160. &#8211;<\/p>\n<p>&nbsp;<\/p>\n","protected":false},"excerpt":{"rendered":"<p>&nbsp; D\u0148a 18. m\u00e1ja 2014 deti z na\u0161ej misie Kiara a Tomislav prv\u00fd kr\u00e1t prist\u00fapili k sv. prij\u00edmaniu. Na t\u00fato pre nich tak v\u00fdznamn\u00fa udalos\u0165 sa svedomito pripravovali. K sl\u00e1vnostn\u00e9mu priebehu sv. om\u0161e prispeli&#46;&#46;&#46;<\/p>\n","protected":false},"author":3,"featured_media":1217,"comment_status":"open","ping_status":"open","sticky":false,"template":"","format":"gallery","meta":{"ngg_post_thumbnail":0},"categories":[24,1,4],"tags":[],"_links":{"self":[{"href":"https:\/\/www.skmisia.ch\/index.php?rest_route=\/wp\/v2\/posts\/1216"}],"collection":[{"href":"https:\/\/www.skmisia.ch\/index.php?rest_route=\/wp\/v2\/posts"}],"about":[{"href":"https:\/\/www.skmisia.ch\/index.php?rest_route=\/wp\/v2\/types\/post"}],"author":[{"embeddable":true,"href":"https:\/\/www.skmisia.ch\/index.php?rest_route=\/wp\/v2\/users\/3"}],"replies":[{"embeddable":true,"href":"https:\/\/www.skmisia.ch\/index.php?rest_route=%2Fwp%2Fv2%2Fcomments&post=1216"}],"version-history":[{"count":6,"href":"https:\/\/www.skmisia.ch\/index.php?rest_route=\/wp\/v2\/posts\/1216\/revisions"}],"predecessor-version":[{"id":1405,"href":"https:\/\/www.skmisia.ch\/index.php?rest_route=\/wp\/v2\/posts\/1216\/revisions\/1405"}],"wp:featuredmedia":[{"embeddable":true,"href":"https:\/\/www.skmisia.ch\/index.php?rest_route=\/wp\/v2\/media\/1217"}],"wp:attachment":[{"href":"https:\/\/www.skmisia.ch\/index.php?rest_route=%2Fwp%2Fv2%2Fmedia&parent=1216"}],"wp:term":[{"taxonomy":"category","embeddable":true,"href":"https:\/\/www.skmisia.ch\/index.php?rest_route=%2Fwp%2Fv2%2Fcategories&post=1216"},{"taxonomy":"post_tag","embeddable":true,"href":"https:\/\/www.skmisia.ch\/index.php?rest_route=%2Fwp%2Fv2%2Ftags&post=1216"}],"curies":[{"name":"wp","href":"https:\/\/api.w.org\/{rel}","templated":true}]}}