{"id":12159,"date":"2022-03-22T17:37:47","date_gmt":"2022-03-22T16:37:47","guid":{"rendered":"https:\/\/www.skmisia.ch\/?p=12159"},"modified":"2024-01-15T19:51:49","modified_gmt":"2024-01-15T18:51:49","slug":"papez-zasvati-rusko-a-ukrajinu-neposkvrnenemu-srdcu-panny-marie","status":"publish","type":"post","link":"https:\/\/www.skmisia.ch\/?p=12159","title":{"rendered":"P\u00e1pe\u017e zasv\u00e4t\u00ed Rusko a Ukrajinu Nepo\u0161kvrnen\u00e9mu Srdcu Panny M\u00e1rie"},"content":{"rendered":"\n<p>\n\nNa sviatok Zvestovania P\u00e1na 25. marca Sv\u00e4t\u00fd Otec Franti\u0161ek zasv\u00e4t\u00ed (zver\u00ed) Rusko a Ukrajinu Nepo\u0161kvrnen\u00e9mu Srdcu Panny M\u00e1rie.<\/p>\n\n\n\n<p>P\u00e1pe\u017e Franti\u0161ek tak urob\u00ed po\u010das kaj\u00facej pobo\u017enosti, ktorej bude predseda\u0165 v piatok 25. marca o 17. hodine v Bazilike sv\u00e4t\u00e9ho Petra. V rovnak\u00fd de\u0148 ten ist\u00fd akt vykon\u00e1 vo Fatime p\u00e1pe\u017esk\u00fd almu\u017en\u00edk kardin\u00e1l Konrad Krajewski ako vyslanec Sv\u00e4t\u00e9ho Otca.<\/p>\n\n\n\n<p>Pros\u00edm, pridajme sa k modlitbe k Panne M\u00e1rii, Matke pokoja, aby pohla srdcia t\u00fdch, ktor\u00ed rozhoduj\u00fa o \u013eudsk\u00fdch osudoch. <\/p>\n\n\n\n<p>Je na \u0165archu kres\u0165anstva, ak dva n\u00e1rody so silnou \u00factou k Panne M\u00e1rii, ved\u00fa bratovra\u017eedn\u00fd boj. <\/p>\n\n\n\n<p>Modlitba zasv\u00e4tenia pod\u013ea J\u00e1na Pavla II. :<\/p>\n\n\n\n<p>\n\u201eA tak, <em>Matka \u013eud\u00ed a n\u00e1rodov,<\/em>\n ty, ktor\u00e1 pozn\u00e1\u0161 v\u0161etky ich bolesti a n\u00e1deje, ty, ktor\u00e1 matersky c\u00edti\u0161 \nv\u0161etky boje medzi dobrom a zlom, medzi svetlom a temnotou, ktor\u00e9 su\u017euj\u00fa \ns\u00fa\u010dasn\u00fd svet, prijmi n\u00e1\u0161 hlas, ktor\u00fdm sa pohnut\u00ed Duchom Sv\u00e4t\u00fdm obraciame\n priamo na tvoje Srdce: <em>obj\u00edm s l\u00e1skou<\/em> Matky a Slu\u017eobnice P\u00e1na tento n\u00e1\u0161 \u013eudsk\u00fd svet, ktor\u00fd ti zverujeme a zasv\u00e4cujeme,\n pln\u00ed nepokoja nad pozemsk\u00fdm a ve\u010dn\u00fdm osudom \u013eud\u00ed a n\u00e1rodov. Osobitne ti\n zverujeme a zasv\u00e4cujeme t\u00fdch \u013eud\u00ed a tie n\u00e1rody, ktor\u00e9 toto zverenie a \ntoto zasv\u00e4tenie zvl\u00e1\u0161\u0165 potrebuj\u00fa.<\/p>\n\n\n\n<p>,Pod tvoju ochranu sa utiekame, Sv\u00e4t\u00e1 Bo\u017eia Rodi\u010dka!` <em>Neodmietni prosby n\u00e1s, \u010do sme v sk\u00fa\u0161kach!\u201c<\/em><\/p>\n\n\n\n<p> <br>\u00d3, Nepo\u0161kvrnen\u00e9 Srdce! Pom\u00f4\u017e n\u00e1m v\u00ed\u0165azi\u0165  nad hrozbami zla, ktor\u00e9 sa tak \u013eahko zakore\u0148uje v srdciach \u013eud\u00ed, vo  svojich nesmiernych d\u00f4sledkoch hroz\u00ed s\u00fa\u010dasn\u00e9mu \u017eivotu, a zd\u00e1 sa, \u017ee  uzatv\u00e1ra v\u00fdchodisko do bud\u00facnosti!<br><br>Od hladu a vojny, <em>oslobo\u010f n\u00e1s!<\/em><br><br>Od nukle\u00e1rnej vojny, od nevypo\u010d\u00edtate\u013en\u00e9ho sebazni\u010denia, od ka\u017ed\u00e9ho druhu vojny, <em>oslobo\u010f n\u00e1s!<\/em><br><br>Od hriechov proti \u013eudsk\u00e9mu \u017eivotu od jeho po\u010diatku, <em>oslobo\u010f n\u00e1s!<\/em><br><br>Od nen\u00e1visti a od poni\u017eovania d\u00f4stojnosti Bo\u017e\u00edch det\u00ed, <em>oslobo\u010f n\u00e1s!<\/em><br><br>Od ka\u017ed\u00e9ho druhu nespravodlivosti v spolo\u010denskom, n\u00e1rodnom a medzin\u00e1rodnom \u017eivote, <em>oslobo\u010f n\u00e1s!<\/em><br><br>Od \u013eahkosti, s ktorou prekra\u010dujeme Bo\u017eie prik\u00e1zania, <em>oslobo\u010f n\u00e1s!<\/em><br><br>Od sn\u00e1h zatieni\u0165 v srdciach \u013eud\u00ed samotn\u00fa Bo\u017eiu pravdu, <em>oslobo\u010f n\u00e1s!<\/em><br><br>Od straty svedomia, citliv\u00e9ho na dobro a zlo, <em>oslobo\u010f n\u00e1s!<\/em><br><br>Od hriechov proti Duchu Sv\u00e4t\u00e9mu, <em>oslobo\u010f n\u00e1s!<\/em><br><br>Prijmi, Matka Kristova, toto volanie <em>pln\u00e9 utrpenia<\/em> v\u0161etk\u00fdch \u013eud\u00ed! <em>Pln\u00e9 utrpenia<\/em> cel\u00fdch spolo\u010dnost\u00ed!<br><br>Pom\u00f4\u017e  n\u00e1m v sile Ducha Sv\u00e4t\u00e9ho v\u00ed\u0165azi\u0165 nad ka\u017ed\u00fdm hriechom: nad hriechom  \u010dloveka, nad hriechom sveta, nad hriechom v ka\u017edom jeho prejave.<br><br>Nech sa e\u0161te raz v dejin\u00e1ch sveta prejav\u00ed nekone\u010dn\u00e1 spasite\u013en\u00e1 moc vyk\u00fapenia: moc <em>milosrdnej L\u00e1sky.<\/em> Nech ona zastav\u00ed zlo! Premen\u00ed svedomia! Nech sa v tvojom Nepo\u0161kvrnenom Srdci zjav\u00ed pre v\u0161etk\u00fdch <em>svetlo N\u00e1deje<\/em>!<a rel=\"noreferrer noopener\" href=\"https:\/\/gloria.tv\/go\/qzAIanIGzMMUdiQaM8SBqYjTsHT4Qj9FNq4GvUXzlf3kgxsp4isQO1vOm\" target=\"_blank\">[<\/a> <br><\/p>\n","protected":false},"excerpt":{"rendered":"<p>Na sviatok Zvestovania P\u00e1na 25. marca Sv\u00e4t\u00fd Otec Franti\u0161ek zasv\u00e4t\u00ed (zver\u00ed) Rusko a Ukrajinu Nepo\u0161kvrnen\u00e9mu Srdcu Panny M\u00e1rie. P\u00e1pe\u017e Franti\u0161ek tak urob\u00ed po\u010das kaj\u00facej pobo\u017enosti, ktorej bude predseda\u0165 v piatok 25. marca o 17.&#46;&#46;&#46;<\/p>\n","protected":false},"author":3,"featured_media":12160,"comment_status":"closed","ping_status":"closed","sticky":false,"template":"","format":"standard","meta":{"ngg_post_thumbnail":0},"categories":[24,1],"tags":[],"_links":{"self":[{"href":"https:\/\/www.skmisia.ch\/index.php?rest_route=\/wp\/v2\/posts\/12159"}],"collection":[{"href":"https:\/\/www.skmisia.ch\/index.php?rest_route=\/wp\/v2\/posts"}],"about":[{"href":"https:\/\/www.skmisia.ch\/index.php?rest_route=\/wp\/v2\/types\/post"}],"author":[{"embeddable":true,"href":"https:\/\/www.skmisia.ch\/index.php?rest_route=\/wp\/v2\/users\/3"}],"replies":[{"embeddable":true,"href":"https:\/\/www.skmisia.ch\/index.php?rest_route=%2Fwp%2Fv2%2Fcomments&post=12159"}],"version-history":[{"count":3,"href":"https:\/\/www.skmisia.ch\/index.php?rest_route=\/wp\/v2\/posts\/12159\/revisions"}],"predecessor-version":[{"id":12163,"href":"https:\/\/www.skmisia.ch\/index.php?rest_route=\/wp\/v2\/posts\/12159\/revisions\/12163"}],"wp:featuredmedia":[{"embeddable":true,"href":"https:\/\/www.skmisia.ch\/index.php?rest_route=\/wp\/v2\/media\/12160"}],"wp:attachment":[{"href":"https:\/\/www.skmisia.ch\/index.php?rest_route=%2Fwp%2Fv2%2Fmedia&parent=12159"}],"wp:term":[{"taxonomy":"category","embeddable":true,"href":"https:\/\/www.skmisia.ch\/index.php?rest_route=%2Fwp%2Fv2%2Fcategories&post=12159"},{"taxonomy":"post_tag","embeddable":true,"href":"https:\/\/www.skmisia.ch\/index.php?rest_route=%2Fwp%2Fv2%2Ftags&post=12159"}],"curies":[{"name":"wp","href":"https:\/\/api.w.org\/{rel}","templated":true}]}}