{"id":12039,"date":"2021-11-25T17:24:55","date_gmt":"2021-11-25T16:24:55","guid":{"rendered":"https:\/\/www.skmisia.ch\/?p=12039"},"modified":"2024-01-15T19:51:49","modified_gmt":"2024-01-15T18:51:49","slug":"synoda-2021-2023","status":"publish","type":"post","link":"https:\/\/www.skmisia.ch\/?p=12039","title":{"rendered":"Synoda 2021-2023"},"content":{"rendered":"\n<p>Ako v\u0161etci viete, p\u00e1pe\u017e Franti\u0161ek otvoril 17.10.2021 synodu 2021-2023.  <br>T\u00e9mou tohto podujatia je \u201eZa synod\u00e1lnu Cirkev: spolo\u010denstvo, spolu\u00fa\u010das\u0165 a misia\u201c \u2013 teda samotn\u00e1 synod\u00e1lna podstata Cirkvi. T\u00e1 spo\u010d\u00edva v spolo\u010dnom kr\u00e1\u010dan\u00ed, vo vz\u00e1jomnom po\u010d\u00favan\u00ed sa a v na\u010d\u00favan\u00ed Ducha Sv\u00e4t\u00e9ho pri ohlasovan\u00ed evanjelia. K\u013e\u00fa\u010dov\u00e9 slov\u00e1 &#8222;spolo\u010denstvo, spolu\u00fa\u010das\u0165 a misia&#8220; pod\u010diarkuj\u00fa, \u017ee pr\u00e1ve ohlasovanie evanjelia je t\u00fdm cie\u013eom, na ktor\u00e9ho sledovan\u00ed m\u00e1me ma\u0165 \u00fa\u010das\u0165 v\u0161etci ako spolo\u010denstvo veriacich v Krista. <\/p>\n\n\n\n<p>Podrobnosti k synode v slovenskom jazyku n\u00e1jdete na <a href=\"http:\/\/synoda.sk\">www.synoda.sk <\/a><\/p>\n\n\n\n<p>Ako Slovensk\u00e1 katol\u00edcka misia sme sa tie\u017e zapojili do procesu, ktor\u00fd tu vo \u0160vaj\u010diarsku &#8211; v diec\u00e9zach Basel, St. Gallen a Chur &#8211; obsahuje ot\u00e1zky, na ktor\u00e9 m\u00f4\u017eeme odpoveda\u0165. \u017dijeme tu a aj svojou tro\u0161kou a nepochybne pod vplyvom Bo\u017eieho Ducha aj my m\u00f4\u017eeme svojou tro\u0161kou prispie\u0165 k synode. Chcem V\u00e1s poprosi\u0165, aby ste si vybrali okruhy, ktor\u00e9 v\u00e1s zaujali a na\u0161li na ne \u00faprimn\u00e9 odpovede. Nie je podmienka odpoveda\u0165 na v\u0161etky ot\u00e1zky. Ot\u00e1zky s\u00fa zoraden\u00e9 do desiatich t\u00e9m, ka\u017ed\u00e1 m\u00e1 nieko\u013eko ot\u00e1zok. <a href=\"https:\/\/www.kirchenblatt.ch\/themen\/news\/die-fragen-zum-synodalen-prozess\"><\/a>Ot\u00e1zky n\u00e1jdete <a href=\"https:\/\/www.kirchenblatt.ch\/themen\/news\/die-fragen-zum-synodalen-prozess\">TU.<\/a><\/p>\n\n\n\n<p>Odpovede nap\u00ed\u0161te ide\u00e1lne v nem\u010dine, pr\u00edpadne v sloven\u010dine a po\u0161lite na adresu misie: slovenska.misia@gmail.com. Pros\u00edm neposielajte anonymne, aby sme zabr\u00e1nili, \u017ee si niekto z veci bude robi\u0165 dobr\u00fd de\u0148. Ak by niekto  mal probl\u00e9m so znen\u00edm ot\u00e1zky, pros\u00edm obr\u00e1\u0165te sa na m\u0148a, alebo na niekoho, kto v\u00e1m ot\u00e1zku prelo\u017e\u00ed. Odpovede maj\u00fa by\u0165 kr\u00e1tke, ide\u00e1lne heslovit\u00e9. Po zozbieran\u00ed odpoved\u00ed urob\u00edm sum\u00e1r a po\u0161lem za na\u0161u misiu na u\u017e zriaden\u00fd webov\u00fd \u00fa\u010det pre synodu. Term\u00edn je do konca mesiaca november, preto m\u00e1me u\u017e len nieko\u013eko dn\u00ed \u010das, pros\u00edm sk\u00faste sa zapoji\u0165.<\/p>\n","protected":false},"excerpt":{"rendered":"<p>Ako v\u0161etci viete, p\u00e1pe\u017e Franti\u0161ek otvoril 17.10.2021 synodu 2021-2023. T\u00e9mou tohto podujatia je \u201eZa synod\u00e1lnu Cirkev: spolo\u010denstvo, spolu\u00fa\u010das\u0165 a misia\u201c \u2013 teda samotn\u00e1 synod\u00e1lna podstata Cirkvi. T\u00e1 spo\u010d\u00edva v spolo\u010dnom kr\u00e1\u010dan\u00ed, vo vz\u00e1jomnom po\u010d\u00favan\u00ed&#46;&#46;&#46;<\/p>\n","protected":false},"author":3,"featured_media":12042,"comment_status":"closed","ping_status":"closed","sticky":false,"template":"","format":"standard","meta":{"ngg_post_thumbnail":0},"categories":[24,1],"tags":[],"_links":{"self":[{"href":"https:\/\/www.skmisia.ch\/index.php?rest_route=\/wp\/v2\/posts\/12039"}],"collection":[{"href":"https:\/\/www.skmisia.ch\/index.php?rest_route=\/wp\/v2\/posts"}],"about":[{"href":"https:\/\/www.skmisia.ch\/index.php?rest_route=\/wp\/v2\/types\/post"}],"author":[{"embeddable":true,"href":"https:\/\/www.skmisia.ch\/index.php?rest_route=\/wp\/v2\/users\/3"}],"replies":[{"embeddable":true,"href":"https:\/\/www.skmisia.ch\/index.php?rest_route=%2Fwp%2Fv2%2Fcomments&post=12039"}],"version-history":[{"count":1,"href":"https:\/\/www.skmisia.ch\/index.php?rest_route=\/wp\/v2\/posts\/12039\/revisions"}],"predecessor-version":[{"id":12040,"href":"https:\/\/www.skmisia.ch\/index.php?rest_route=\/wp\/v2\/posts\/12039\/revisions\/12040"}],"wp:featuredmedia":[{"embeddable":true,"href":"https:\/\/www.skmisia.ch\/index.php?rest_route=\/wp\/v2\/media\/12042"}],"wp:attachment":[{"href":"https:\/\/www.skmisia.ch\/index.php?rest_route=%2Fwp%2Fv2%2Fmedia&parent=12039"}],"wp:term":[{"taxonomy":"category","embeddable":true,"href":"https:\/\/www.skmisia.ch\/index.php?rest_route=%2Fwp%2Fv2%2Fcategories&post=12039"},{"taxonomy":"post_tag","embeddable":true,"href":"https:\/\/www.skmisia.ch\/index.php?rest_route=%2Fwp%2Fv2%2Ftags&post=12039"}],"curies":[{"name":"wp","href":"https:\/\/api.w.org\/{rel}","templated":true}]}}