{"id":11113,"date":"2021-08-05T07:14:03","date_gmt":"2021-08-05T05:14:03","guid":{"rendered":"https:\/\/www.skmisia.ch\/?p=11113"},"modified":"2024-01-15T19:51:50","modified_gmt":"2024-01-15T18:51:50","slug":"sv-omsa-v-nedelu-22-augusta","status":"publish","type":"post","link":"https:\/\/www.skmisia.ch\/?p=11113","title":{"rendered":"Sv. om\u0161a v nede\u013eu 22. augusta"},"content":{"rendered":"\n<p>V Z\u00fcrichu v nede\u013eu 22. augusta 2021 budeme sl\u00e1vi\u0165 spolo\u010dn\u00fa sv. om\u0161u s miestnou farnos\u0165ou (slovensko &#8211; nemecky) o <strong>11, 30 hod v hornom kostole. <\/strong>N\u00e1sledne sa pod\u013ea po\u010dasia stretneme na Pfarreifest bu\u010f v priestoroch pastora\u010dn\u00e9ho centra (ak by pr\u0161alo), alebo vonku pri kostole. V\u0161etci sme pozvan\u00ed. S\u00fa\u010das\u0165ou programu je mo\u017enos\u0165 vyst\u00fapi\u0165 na kostoln\u00fa ve\u017eu, obedov\u00fd bufet, prehliadka organu, hry pre deti.<\/p>\n\n\n\n<p>Vn\u00edmajme t\u00fato udalos\u0165 ako vyjadrenie spolupatri\u010dnosti a aj v\u010faky, \u017ee smieme sl\u00e1vi\u0165 bohoslu\u017eby v tomto kostole.<\/p>\n","protected":false},"excerpt":{"rendered":"<p>V Z\u00fcrichu v nede\u013eu 22. augusta 2021 budeme sl\u00e1vi\u0165 spolo\u010dn\u00fa sv. om\u0161u s miestnou farnos\u0165ou (slovensko &#8211; nemecky) o 11, 30 hod v hornom kostole. N\u00e1sledne sa pod\u013ea po\u010dasia stretneme na Pfarreifest bu\u010f v&#46;&#46;&#46;<\/p>\n","protected":false},"author":3,"featured_media":11116,"comment_status":"closed","ping_status":"closed","sticky":false,"template":"","format":"standard","meta":{"ngg_post_thumbnail":0},"categories":[24,1],"tags":[],"_links":{"self":[{"href":"https:\/\/www.skmisia.ch\/index.php?rest_route=\/wp\/v2\/posts\/11113"}],"collection":[{"href":"https:\/\/www.skmisia.ch\/index.php?rest_route=\/wp\/v2\/posts"}],"about":[{"href":"https:\/\/www.skmisia.ch\/index.php?rest_route=\/wp\/v2\/types\/post"}],"author":[{"embeddable":true,"href":"https:\/\/www.skmisia.ch\/index.php?rest_route=\/wp\/v2\/users\/3"}],"replies":[{"embeddable":true,"href":"https:\/\/www.skmisia.ch\/index.php?rest_route=%2Fwp%2Fv2%2Fcomments&post=11113"}],"version-history":[{"count":2,"href":"https:\/\/www.skmisia.ch\/index.php?rest_route=\/wp\/v2\/posts\/11113\/revisions"}],"predecessor-version":[{"id":11115,"href":"https:\/\/www.skmisia.ch\/index.php?rest_route=\/wp\/v2\/posts\/11113\/revisions\/11115"}],"wp:featuredmedia":[{"embeddable":true,"href":"https:\/\/www.skmisia.ch\/index.php?rest_route=\/wp\/v2\/media\/11116"}],"wp:attachment":[{"href":"https:\/\/www.skmisia.ch\/index.php?rest_route=%2Fwp%2Fv2%2Fmedia&parent=11113"}],"wp:term":[{"taxonomy":"category","embeddable":true,"href":"https:\/\/www.skmisia.ch\/index.php?rest_route=%2Fwp%2Fv2%2Fcategories&post=11113"},{"taxonomy":"post_tag","embeddable":true,"href":"https:\/\/www.skmisia.ch\/index.php?rest_route=%2Fwp%2Fv2%2Ftags&post=11113"}],"curies":[{"name":"wp","href":"https:\/\/api.w.org\/{rel}","templated":true}]}}