{"id":10759,"date":"2020-08-02T17:25:07","date_gmt":"2020-08-02T16:25:07","guid":{"rendered":"https:\/\/www.skmisia.ch\/?p=10759"},"modified":"2023-03-26T22:09:53","modified_gmt":"2023-03-26T20:09:53","slug":"einsiedeln-2020","status":"publish","type":"post","link":"https:\/\/www.skmisia.ch\/?p=10759","title":{"rendered":"Einsiedeln 2020"},"content":{"rendered":"\n<p> <br>Pros\u00edm o porozumenie, ale u\u017e nie je mo\u017en\u00e9 sa prihl\u00e1si\u0165 na p\u00fa\u0165 cez formul\u00e1r, zoznam som u\u017e musel uzavrie\u0165. Miesta v laviciach s\u00fa takmer pln\u00e9, zostali len miesta na jednotliv\u00fdch stoli\u010dk\u00e1ch po boku (pri bo\u010dn\u00fdch kaplnk\u00e1ch &#8211; spolu 28 miest).  P\u00fa\u0165 sa bude pren\u00e1\u0161a\u0165 cez internet, adresa livestreamu je <a href=\"http:\/\/www.youtube.com\/klostereinsiedeln\/live\">TU.<\/a><\/p>\n\n\n\n<p>Sv. om\u0161a a t\u00fdm aj prenos za\u010d\u00ednaj\u00fa z d\u00f4vodu dezinfekcie baziliky po predch\u00e1dzaj\u00facej bohoslu\u017ebe 12,45 hod .<\/p>\n\n\n\n<p>T\u00ed, ktor\u00ed ste sa prihl\u00e1sili na p\u00fa\u0165 do pondelka ve\u010dera, dostanete mailom zasadac\u00ed poriadok a pod\u013ea neho budete zauj\u00edma\u0165 svoje miesta. Je to s\u00edce komplikovanej\u0161ie, ale umo\u017en\u00ed n\u00e1m to lep\u0161ie vyu\u017ei\u0165 kapacitu kostola. Pros\u00edm o pochopenie.<\/p>\n","protected":false},"excerpt":{"rendered":"<p>Pros\u00edm o porozumenie, ale u\u017e nie je mo\u017en\u00e9 sa prihl\u00e1si\u0165 na p\u00fa\u0165 cez formul\u00e1r, zoznam som u\u017e musel uzavrie\u0165. Miesta v laviciach s\u00fa takmer pln\u00e9, zostali len miesta na jednotliv\u00fdch stoli\u010dk\u00e1ch po boku (pri&#46;&#46;&#46;<\/p>\n","protected":false},"author":3,"featured_media":10761,"comment_status":"closed","ping_status":"closed","sticky":false,"template":"","format":"standard","meta":{"ngg_post_thumbnail":0},"categories":[24,1],"tags":[],"_links":{"self":[{"href":"https:\/\/www.skmisia.ch\/index.php?rest_route=\/wp\/v2\/posts\/10759"}],"collection":[{"href":"https:\/\/www.skmisia.ch\/index.php?rest_route=\/wp\/v2\/posts"}],"about":[{"href":"https:\/\/www.skmisia.ch\/index.php?rest_route=\/wp\/v2\/types\/post"}],"author":[{"embeddable":true,"href":"https:\/\/www.skmisia.ch\/index.php?rest_route=\/wp\/v2\/users\/3"}],"replies":[{"embeddable":true,"href":"https:\/\/www.skmisia.ch\/index.php?rest_route=%2Fwp%2Fv2%2Fcomments&post=10759"}],"version-history":[{"count":8,"href":"https:\/\/www.skmisia.ch\/index.php?rest_route=\/wp\/v2\/posts\/10759\/revisions"}],"predecessor-version":[{"id":10792,"href":"https:\/\/www.skmisia.ch\/index.php?rest_route=\/wp\/v2\/posts\/10759\/revisions\/10792"}],"wp:featuredmedia":[{"embeddable":true,"href":"https:\/\/www.skmisia.ch\/index.php?rest_route=\/wp\/v2\/media\/10761"}],"wp:attachment":[{"href":"https:\/\/www.skmisia.ch\/index.php?rest_route=%2Fwp%2Fv2%2Fmedia&parent=10759"}],"wp:term":[{"taxonomy":"category","embeddable":true,"href":"https:\/\/www.skmisia.ch\/index.php?rest_route=%2Fwp%2Fv2%2Fcategories&post=10759"},{"taxonomy":"post_tag","embeddable":true,"href":"https:\/\/www.skmisia.ch\/index.php?rest_route=%2Fwp%2Fv2%2Ftags&post=10759"}],"curies":[{"name":"wp","href":"https:\/\/api.w.org\/{rel}","templated":true}]}}