{"id":1060,"date":"2014-05-10T11:09:48","date_gmt":"2014-05-10T10:09:48","guid":{"rendered":"https:\/\/www.skmisia.ch\/?p=1060"},"modified":"2019-04-08T21:09:18","modified_gmt":"2019-04-08T20:09:18","slug":"oznamy-na-stvrtu-velkonocnu-nedelu","status":"publish","type":"post","link":"https:\/\/www.skmisia.ch\/?p=1060","title":{"rendered":"Oznamy na \u0161tvrt\u00fa ve\u013ekono\u010dn\u00fa nede\u013eu."},"content":{"rendered":"<p align=\"center\"><b>SLOVENSK<\/b><b>\u00c1 KATOL\u00cdCKA MISIA, BRAUERSTRA<\/b><b>SSe<\/b><b>\u00a0<\/b><b>99; 8004 Z\u00dcRICH<\/b><b><\/b><\/p>\n<p align=\"center\"><b>T\/F: 0041 44 241 50 22<\/b><b><\/b><\/p>\n<div align=\"center\">\n<hr align=\"center\" size=\"2\" width=\"100%\" \/>\n<\/div>\n<p>Oznamy na \u0160tvrt\u00fa ve\u013ekono\u010dn\u00fa nede\u013eu.<\/p>\n<p>Liturgick\u00fd kalend\u00e1r:<\/p>\n<p><span style=\"line-height: 1.5em;\">V pondelok spomienka sv. Pankr\u00e1ca, mu\u010den\u00edka.<\/span><\/p>\n<p>V utorok je \u013eubovo\u013en\u00e1 spomienka Blahoslavenej Panny M\u00e1rie Fatimskej.<\/p>\n<p>V stredu je sviatok sv. Mateja, apo\u0161tola.<\/p>\n<p>V stedu za\u010d\u00edna i deviatnik k Panne M\u00e1rii Pomocnici. Texty n\u00e1jdete na na\u0161ej str\u00e1nke.<\/p>\n<p>V piatok je spomienka sv. J\u00e1na Nepomuck\u00e9ho, k\u0148aza a mu\u010den\u00edka.<\/p>\n<p>Bud\u00faca nede\u013ea je piata ve\u013ekono\u010dn\u00e1 nede\u013ea.<\/p>\n<p>&nbsp;<\/p>\n<p>Program sv. om\u0161\u00ed po\u010das t\u00fd\u017ed\u0148a:<\/p>\n<p>&nbsp;<\/p>\n<p>Streda sv. om\u0161a o 20:00 na Talianskej. Stretnutie spevokolu je \u00bd hodinku pred sv. om\u0161ou.<\/p>\n<p>Na bud\u00facu nede\u013eu o\u00a09:30 bude v krypte sl\u00e1vnos\u0165 1.SP.<\/p>\n<p>1. Po sv. om\u0161i je dnes Katechizmus pre deti. N\u00e1cvik piesn\u00ed dnes nebude.<\/p>\n<p>2. Te\u0161\u00edm sa ako mi deti uk\u00e1\u017eu ich kni\u017eky, pokro\u010dili v m\u00e1jovej pobo\u017enosti.<\/p>\n<p>3. Vo \u0161tvrtkok je \u0161portov\u00fd kr\u00fa\u017eok.<\/p>\n<p>4. Piatkov\u00e9 stretko bude ako obvykle na Talianskej misii v piatok o 20:00. Stretko animuje Lenka.<\/p>\n<p>5. V\u00a0sobotu o\u00a010:00 bude na Taliankej misii spovedanie rodi\u010dov, det\u00ed a\u00a0pr\u00edbuzn\u00fdch ku 1. SP.<\/p>\n<p>6. Dnes po sv\u00e4tej om\u0161i je posedenie pri k\u00e1ve ako obvykle v pastora\u010dn\u00fdch priestoroch oproti kostolu. V\u0161etci sme srde\u010dne pozvan\u00ed. Ja pru\u017ene odch\u00e1dzam do Mariastienu. Sv. om\u0161a za\u010d\u00edna o 12:30.<\/p>\n<p>7. (Oznam Bern- na bud\u00facu sobotu bude o\u00a016:00 duchovn\u00e1 obnova na Mari\u00e1nsku t\u00e9mu. Pred sv. om\u0161ou sa pomodl\u00edme ru\u017eenec.)<\/p>\n","protected":false},"excerpt":{"rendered":"<p>SLOVENSK\u00c1 KATOL\u00cdCKA MISIA, BRAUERSTRASSe\u00a099; 8004 Z\u00dcRICH T\/F: 0041 44 241 50 22 Oznamy na \u0160tvrt\u00fa ve\u013ekono\u010dn\u00fa nede\u013eu. Liturgick\u00fd kalend\u00e1r: V pondelok spomienka sv. Pankr\u00e1ca, mu\u010den\u00edka. V utorok je \u013eubovo\u013en\u00e1 spomienka Blahoslavenej Panny M\u00e1rie Fatimskej.&#46;&#46;&#46;<\/p>\n","protected":false},"author":3,"featured_media":1061,"comment_status":"open","ping_status":"open","sticky":false,"template":"","format":"standard","meta":{"ngg_post_thumbnail":0},"categories":[24,1],"tags":[],"_links":{"self":[{"href":"https:\/\/www.skmisia.ch\/index.php?rest_route=\/wp\/v2\/posts\/1060"}],"collection":[{"href":"https:\/\/www.skmisia.ch\/index.php?rest_route=\/wp\/v2\/posts"}],"about":[{"href":"https:\/\/www.skmisia.ch\/index.php?rest_route=\/wp\/v2\/types\/post"}],"author":[{"embeddable":true,"href":"https:\/\/www.skmisia.ch\/index.php?rest_route=\/wp\/v2\/users\/3"}],"replies":[{"embeddable":true,"href":"https:\/\/www.skmisia.ch\/index.php?rest_route=%2Fwp%2Fv2%2Fcomments&post=1060"}],"version-history":[{"count":1,"href":"https:\/\/www.skmisia.ch\/index.php?rest_route=\/wp\/v2\/posts\/1060\/revisions"}],"predecessor-version":[{"id":1062,"href":"https:\/\/www.skmisia.ch\/index.php?rest_route=\/wp\/v2\/posts\/1060\/revisions\/1062"}],"wp:featuredmedia":[{"embeddable":true,"href":"https:\/\/www.skmisia.ch\/index.php?rest_route=\/wp\/v2\/media\/1061"}],"wp:attachment":[{"href":"https:\/\/www.skmisia.ch\/index.php?rest_route=%2Fwp%2Fv2%2Fmedia&parent=1060"}],"wp:term":[{"taxonomy":"category","embeddable":true,"href":"https:\/\/www.skmisia.ch\/index.php?rest_route=%2Fwp%2Fv2%2Fcategories&post=1060"},{"taxonomy":"post_tag","embeddable":true,"href":"https:\/\/www.skmisia.ch\/index.php?rest_route=%2Fwp%2Fv2%2Ftags&post=1060"}],"curies":[{"name":"wp","href":"https:\/\/api.w.org\/{rel}","templated":true}]}}