{"id":10581,"date":"2020-03-30T11:22:14","date_gmt":"2020-03-30T10:22:14","guid":{"rendered":"https:\/\/www.skmisia.ch\/?p=10581"},"modified":"2023-03-26T22:09:54","modified_gmt":"2023-03-26T20:09:54","slug":"spolocne-oslavme-velkonocne-sviatky","status":"publish","type":"post","link":"https:\/\/www.skmisia.ch\/?p=10581","title":{"rendered":"Spolo\u010dne osl\u00e1vme ve\u013ekono\u010dn\u00e9 sviatky"},"content":{"rendered":"\n<p>Prenosy sv. om\u0161\u00ed sa technicky ako-tak osved\u010dili a m\u00e1me v \u00famysle sa takto sp\u00e1ja\u0165 aj po\u010das nasleduj\u00facich sviatkov. R\u00e1d by som V\u00e1s povzbudil, aby ste sa zapojili (pokia\u013e sa nez\u00fa\u010dast\u0148ujete sl\u00e1ven\u00ed in\u00fdm sp\u00f4sobom), a takto by sme sa navz\u00e1jom podporili (spolo\u010denstvo je jeden zo z\u00e1kladn\u00fdch pojmov kres\u0165anstva). Aby sme ich spolo\u010dne zvl\u00e1dli, budem sa te\u0161i\u0165, ak by ste prevzali nejak\u00e9 liturgick\u00e9 slu\u017eby. V \u010fal\u0161om texte n\u00e1jdete dotazn\u00edk, v ktorom n\u00e1m d\u00e1te najovo, \u017ee sa sl\u00e1venia chcete z\u00fa\u010dastni\u0165 a \u010di ste ochotn\u00ed prija\u0165 nejak\u00fa slu\u017ebu. Ak by bolo z\u00e1ujemcov viac, jednoducho vyberieme (lep\u0161ie, ako ke\u010f sa nikto neprihl\u00e1si).<\/p>\n\n\n\n<p>Popros\u00edme V\u00e1s o vyplnenie dotazn\u00edka na <a href=\"https:\/\/docs.google.com\/forms\/d\/e\/1FAIpQLScQGl4NFtwkPfkQHs_I9QHEnp-6iDSDMoafH62YRR4EnNCr7Q\/viewform?usp=sf_link\">tomto odkaze.<\/a><\/p>\n\n\n\n<p style=\"background-color:#f24f85\" class=\"has-text-color has-background has-luminous-vivid-amber-color\"><strong>Velk\u00fd t\u00fd\u017ede\u0148<\/strong>  \u2013 sv. om\u0161e na internete (pros\u00edm pou\u017e\u00edvajte Chrome\/Chromium):<\/p>\n\n\n\n<p><strong><a href=\"http:\/\/virtualna.skmisia.ch\/svomsa\">LINK NA SV. OM\u0160E<\/a><\/strong><\/p>\n\n\n\n<p><strong>Kvetn\u00e1 nede\u013ea: 9,30 hod,<\/strong> popoludn\u00ed kr\u00ed\u017eov\u00e1 cesta: 15,00 hod<\/p>\n\n\n\n<p>Streda 8.4.: 20,00 hod<\/p>\n\n\n\n<p><strong>Zelen\u00fd \u0161tvrtok: 19,30 hod<\/strong><\/p>\n\n\n\n<p><strong>Ve\u013ek\u00fd piatok: 15,00 hod<\/strong><\/p>\n\n\n\n<p><strong>Biela sobota: 20,00 hod <\/strong><em>(!zmena oproti p\u00f4vodn\u00e9mu kalend\u00e1ru)<\/em><\/p>\n\n\n\n<p><strong>Ve\u013ekono\u010dn\u00e1 nede\u013ea: 9,30 hod<\/strong><\/p>\n","protected":false},"excerpt":{"rendered":"<p>Prenosy sv. om\u0161\u00ed sa technicky ako-tak osved\u010dili a m\u00e1me v \u00famysle sa takto sp\u00e1ja\u0165 aj po\u010das nasleduj\u00facich sviatkov. R\u00e1d by som V\u00e1s povzbudil, aby ste sa zapojili (pokia\u013e sa nez\u00fa\u010dast\u0148ujete sl\u00e1ven\u00ed in\u00fdm sp\u00f4sobom), a&#46;&#46;&#46;<\/p>\n","protected":false},"author":1,"featured_media":10587,"comment_status":"closed","ping_status":"closed","sticky":false,"template":"","format":"standard","meta":{"ngg_post_thumbnail":0},"categories":[24,1],"tags":[],"_links":{"self":[{"href":"https:\/\/www.skmisia.ch\/index.php?rest_route=\/wp\/v2\/posts\/10581"}],"collection":[{"href":"https:\/\/www.skmisia.ch\/index.php?rest_route=\/wp\/v2\/posts"}],"about":[{"href":"https:\/\/www.skmisia.ch\/index.php?rest_route=\/wp\/v2\/types\/post"}],"author":[{"embeddable":true,"href":"https:\/\/www.skmisia.ch\/index.php?rest_route=\/wp\/v2\/users\/1"}],"replies":[{"embeddable":true,"href":"https:\/\/www.skmisia.ch\/index.php?rest_route=%2Fwp%2Fv2%2Fcomments&post=10581"}],"version-history":[{"count":9,"href":"https:\/\/www.skmisia.ch\/index.php?rest_route=\/wp\/v2\/posts\/10581\/revisions"}],"predecessor-version":[{"id":10600,"href":"https:\/\/www.skmisia.ch\/index.php?rest_route=\/wp\/v2\/posts\/10581\/revisions\/10600"}],"wp:featuredmedia":[{"embeddable":true,"href":"https:\/\/www.skmisia.ch\/index.php?rest_route=\/wp\/v2\/media\/10587"}],"wp:attachment":[{"href":"https:\/\/www.skmisia.ch\/index.php?rest_route=%2Fwp%2Fv2%2Fmedia&parent=10581"}],"wp:term":[{"taxonomy":"category","embeddable":true,"href":"https:\/\/www.skmisia.ch\/index.php?rest_route=%2Fwp%2Fv2%2Fcategories&post=10581"},{"taxonomy":"post_tag","embeddable":true,"href":"https:\/\/www.skmisia.ch\/index.php?rest_route=%2Fwp%2Fv2%2Ftags&post=10581"}],"curies":[{"name":"wp","href":"https:\/\/api.w.org\/{rel}","templated":true}]}}