{"id":1055,"date":"2014-05-08T16:18:31","date_gmt":"2014-05-08T15:18:31","guid":{"rendered":"https:\/\/www.skmisia.ch\/?p=1055"},"modified":"2019-04-08T21:09:18","modified_gmt":"2019-04-08T20:09:18","slug":"oznamy-na-tretiu-velkonocnu-nedelu","status":"publish","type":"post","link":"https:\/\/www.skmisia.ch\/?p=1055","title":{"rendered":"Oznamy na tretiu ve\u013ekono\u010dn\u00fa nede\u013eu"},"content":{"rendered":"<p align=\"center\"><a href=\"https:\/\/www.skmisia.ch\/wp-content\/uploads\/2014\/05\/gesu-emmaus.jpg\"><img decoding=\"async\" loading=\"lazy\" class=\"alignnone size-medium wp-image-1058\" alt=\"gesu-emmaus\" src=\"https:\/\/www.skmisia.ch\/wp-content\/uploads\/2014\/05\/gesu-emmaus-300x200.jpg\" width=\"300\" height=\"200\" srcset=\"https:\/\/www.skmisia.ch\/wp-content\/uploads\/2014\/05\/gesu-emmaus-300x200.jpg 300w, https:\/\/www.skmisia.ch\/wp-content\/uploads\/2014\/05\/gesu-emmaus-1024x683.jpg 1024w, https:\/\/www.skmisia.ch\/wp-content\/uploads\/2014\/05\/gesu-emmaus.jpg 1124w\" sizes=\"(max-width: 300px) 100vw, 300px\" \/><\/a><\/p>\n<p align=\"center\"><strong>SLOVENSK\u00c1 KATOL\u00cdCKA MISIA, BRAUERSTRASSe\u00a099; 8004 Z\u00dcRICH<\/strong><\/p>\n<p align=\"center\"><strong>T\/F: 0041 44 241 50 22<\/strong><\/p>\n<div align=\"center\">\n<hr align=\"center\" size=\"2\" width=\"100%\" \/>\n<\/div>\n<p><strong>\u00a0\u00a0Oznamy na tretiu ve\u013ekono\u010dn\u00fa nede\u013eu.<\/strong><\/p>\n<p><strong>\u00a0Liturgick\u00fd kalend\u00e1r:<\/strong><\/p>\n<p><strong>\u00a0Tento t\u00fd\u017ede\u0148 je v Cirkvi t\u00fd\u017ede\u0148 modlitieb za jednotu kres\u0165anov.<\/strong><\/p>\n<p><strong>Bud\u00faca nede\u013ea je \u0161tvrt\u00e1 ve\u013ekono\u010dn\u00e1 nede\u013ea.<\/strong><\/p>\n<p><strong>\u00a0<\/strong><\/p>\n<p><strong>Program sv. om\u0161\u00ed po\u010das t\u00fd\u017ed\u0148a:<\/strong><\/p>\n<p><strong>\u00a0Streda sv. om\u0161a o 20:00 na Talianskej. Stretnutie spevokolu je \u00bd hodinku pred sv. om\u0161ou.<\/strong><\/p>\n<p><strong>\u00a0V nede\u013eu o 9:30 v krypte Liebfrauen.<\/strong><\/p>\n<p><strong>1. Po sv. om\u0161i je dnes Katechizmus pre deti, ale za\u010dn\u00fa n\u00e1cvikom piesn\u00ed tu v Krypte. Sta\u010d\u00ed pr\u00eds\u0165 tu dopredu ku presbyt\u00e9riu. Na mesiac m\u00e1j msom priniesol de\u0165om modlitbov\u00fa aktivitu, pros\u00edm rodi\u010dov, aby deti podporili a spolo\u010dne sa modlili.<\/strong><\/p>\n<p><strong>2. V\u0161etku deti hne\u010f po sv. om\u0161i poz\u00fdvame na mal\u00fd n\u00e1cvik piesn\u00ed, hne\u010f po sv. om\u0161i.<\/strong><\/p>\n<p><strong>3. Vo \u0161tvrtkok je \u0161portov\u00fd kr\u00fa\u017eok.<\/strong><\/p>\n<p><strong>4. Piatkov\u00e9 stretko bude ako obvykle na Talianskej misii v piatok o 20:00. Stretko animuje Slavo.<\/strong><\/p>\n<p><strong>5. Dnes po sv\u00e4tej om\u0161i je posedenie pri k\u00e1ve ako obvykle v pastora\u010dn\u00fdch priestoroch oproti kostolu. V\u0161etci sme srde\u010dne pozvan\u00ed.<\/strong><\/p>\n<p><strong>6. Poz\u00fdvame v\u0161etk\u00fdch veriacich na tradi\u010dn\u00fa mari\u00e1nsku m\u00e1jov\u00fa p\u00fa\u0165 do Mariastein, ktor\u00e1 bude o\u00a01 t\u00fd\u017edne. Od 11:00 \u2013 mo\u017enos\u0165 vykona\u0165 si sviatos\u0165 zmierenia a o12:30 za\u010dne sv. om\u0161a. Pripravme tak na\u0161ej Nebeskej Matke ku d\u0148u matiek mil\u00fd dar\u010dek v podobe synovskej pozornosti a \u00facty. Bli\u017e\u0161ie info na <a href=\"http:\/\/www.skmisia\/\">www.skmisia<\/a>.<\/strong><\/p>\n<p><strong>7. Dnes popoludn\u00ed p\u00f4jdem odsl\u00fa\u017ei\u0165 sv. om\u0161u do Genevy.<\/strong><\/p>\n","protected":false},"excerpt":{"rendered":"<p>SLOVENSK\u00c1 KATOL\u00cdCKA MISIA, BRAUERSTRASSe\u00a099; 8004 Z\u00dcRICH T\/F: 0041 44 241 50 22 \u00a0\u00a0Oznamy na tretiu ve\u013ekono\u010dn\u00fa nede\u013eu. \u00a0Liturgick\u00fd kalend\u00e1r: \u00a0Tento t\u00fd\u017ede\u0148 je v Cirkvi t\u00fd\u017ede\u0148 modlitieb za jednotu kres\u0165anov. Bud\u00faca nede\u013ea je \u0161tvrt\u00e1 ve\u013ekono\u010dn\u00e1&#46;&#46;&#46;<\/p>\n","protected":false},"author":3,"featured_media":1058,"comment_status":"open","ping_status":"open","sticky":false,"template":"","format":"standard","meta":{"ngg_post_thumbnail":0},"categories":[24,1],"tags":[],"_links":{"self":[{"href":"https:\/\/www.skmisia.ch\/index.php?rest_route=\/wp\/v2\/posts\/1055"}],"collection":[{"href":"https:\/\/www.skmisia.ch\/index.php?rest_route=\/wp\/v2\/posts"}],"about":[{"href":"https:\/\/www.skmisia.ch\/index.php?rest_route=\/wp\/v2\/types\/post"}],"author":[{"embeddable":true,"href":"https:\/\/www.skmisia.ch\/index.php?rest_route=\/wp\/v2\/users\/3"}],"replies":[{"embeddable":true,"href":"https:\/\/www.skmisia.ch\/index.php?rest_route=%2Fwp%2Fv2%2Fcomments&post=1055"}],"version-history":[{"count":3,"href":"https:\/\/www.skmisia.ch\/index.php?rest_route=\/wp\/v2\/posts\/1055\/revisions"}],"predecessor-version":[{"id":1059,"href":"https:\/\/www.skmisia.ch\/index.php?rest_route=\/wp\/v2\/posts\/1055\/revisions\/1059"}],"wp:featuredmedia":[{"embeddable":true,"href":"https:\/\/www.skmisia.ch\/index.php?rest_route=\/wp\/v2\/media\/1058"}],"wp:attachment":[{"href":"https:\/\/www.skmisia.ch\/index.php?rest_route=%2Fwp%2Fv2%2Fmedia&parent=1055"}],"wp:term":[{"taxonomy":"category","embeddable":true,"href":"https:\/\/www.skmisia.ch\/index.php?rest_route=%2Fwp%2Fv2%2Fcategories&post=1055"},{"taxonomy":"post_tag","embeddable":true,"href":"https:\/\/www.skmisia.ch\/index.php?rest_route=%2Fwp%2Fv2%2Ftags&post=1055"}],"curies":[{"name":"wp","href":"https:\/\/api.w.org\/{rel}","templated":true}]}}