{"id":1010,"date":"2014-04-25T13:53:20","date_gmt":"2014-04-25T12:53:20","guid":{"rendered":"https:\/\/www.skmisia.ch\/?p=1010"},"modified":"2019-04-08T21:09:18","modified_gmt":"2019-04-08T20:09:18","slug":"oznamy-na-velkonocnu-nedelu","status":"publish","type":"post","link":"https:\/\/www.skmisia.ch\/?p=1010","title":{"rendered":"Oznamy na Ve\u013ekono\u010dn\u00fa nede\u013eu"},"content":{"rendered":"<p align=\"center\"><a href=\"https:\/\/www.skmisia.ch\/wp-content\/uploads\/2014\/04\/resur.jpg\"><img decoding=\"async\" loading=\"lazy\" class=\"alignnone size-full wp-image-969\" alt=\"resur\" src=\"https:\/\/www.skmisia.ch\/wp-content\/uploads\/2014\/04\/resur.jpg\" width=\"264\" height=\"191\" \/><\/a><\/p>\n<p align=\"center\"><strong>SLOVENSK\u00c1 KATOL\u00cdCKA MISIA, BRAUERSTRASSe\u00a099; 8004 Z\u00dcRICH<\/strong><\/p>\n<p align=\"center\"><strong>T\/F: 0041 44 241 50 22<\/strong><\/p>\n<div align=\"center\">\n<hr align=\"center\" size=\"2\" width=\"100%\" \/>\n<\/div>\n<p>&nbsp;<\/p>\n<p><strong>\u00a0Oznamy na Ve\u013ekono\u010dn\u00fa nede\u013eu Nede\u013eu.<\/strong><\/p>\n<p><strong>\u00a0Liturgick\u00fd kalend\u00e1r:<\/strong><\/p>\n<p><strong>\u00a0Ve\u013ekono\u010dnou Nede\u013eou za\u010d\u00edna Ve\u013ekono\u010dn\u00e1 okt\u00e1va, ktor\u00e1 sa cel\u00e1 sl\u00e1vi ako jeden de\u0148 Kristovho zm\u0155tvychvstania. Po\u010das celej okt\u00e1vy zaznieva pri sv. om\u0161i gl\u00f3ria a sl\u00e1vnostn\u00e9 aleluja.<\/strong><\/p>\n<p><strong>Bud\u00faca nede\u013ea je Druh\u00e1 ve\u013ekono\u010dn\u00e1 &#8211; Nede\u013ea Bo\u017eieho milosrdenstva.<\/strong><\/p>\n<p><strong>Namiesto Anjel P\u00e1na sa po cel\u00e9 Ve\u013ekono\u010dn\u00e9 obdobie modl\u00edme Raduj sa, nebies Kr\u00e1\u013eovn\u00e1. Ve\u013ekono\u010dn\u00e9 obdobie trv\u00e1 a\u017e do Ducha Sv\u00e4t\u00e9ho.<\/strong><\/p>\n<p><strong>\u00a0Program sv. om\u0161\u00ed po\u010das t\u00fd\u017ed\u0148a:<\/strong><\/p>\n<p><strong>\u00a0Streda sv. om\u0161a o 20:00 na Talianskej. Stretnutie spevokolu je \u00bd hodinku pred sv. om\u0161ou.<\/strong><\/p>\n<p><strong>1.\u00a0\u010eakujeme v\u0161etk\u00fdm, ktor\u00ed sa podie\u013eali na pr\u00edprave a sl\u00e1ven\u00ed Ve\u013ekono\u010dn\u00fdch sviatkov:<\/strong><\/p>\n<p><strong>Mini\u0161trantom, spev\u00e1kom, organistovi, lektorom, kostoln\u00edkom i\u00a0spolubratom salezi\u00e1nom z\u00a0Tur\u00edna. Vlo\u017eme do svojich modlitieb i\u00a0\u00famysel za ich dobr\u00fa pr\u00edpravu na k\u0148azsk\u00e9 povolanie. Jeden z\u00a0nich Janko je pre\u017e\u00edva svoje povolanie ako salezi\u00e1n- laik.\u00a0<\/strong><\/p>\n<p><strong>2.\u00a0Po sv. om\u0161i sa pozdrav\u00edme s de\u0165mi ako obvykle. Dnes Katechizmus nie je.<\/strong><\/p>\n<p><strong>3.\u00a0N\u00e1cvik pre deti na I\u00a0SP bude 4. M\u00e1ja po sv. om\u0161i (piesne+liturgia)<\/strong><\/p>\n<p><strong>4.\u00a0Vo \u0161tvrtkok nie je \u0161portov\u00fd kr\u00fa\u017eok.<\/strong><\/p>\n<p><strong>5.\u00a0Piatkov\u00e9 stretko bude na Talianskej misii ako obvykle o 20:00 na t\u00e9mu, Posolstvo Ve\u013ekej Noci. \u00da\u010dastn\u00edci m\u00f4\u017eu stretko obohati\u0165 prinesen\u00edm slovensk\u00fdch dobr\u00f4t.<\/strong><\/p>\n<p><strong>6. Dnes po sv\u00e4tej om\u0161i nie je posedenie pri k\u00e1ve. Bude a\u017e o dva t\u00fd\u017edne.<\/strong><\/p>\n<p><strong>7.\u00a0Pri modlitebn\u00fdch kni\u017ek\u00e1ch si m\u00f4\u017eete vzia\u0165 nov\u00e9 \u010d\u00edslo MI- zameran\u00e9 na Ve\u013ekono\u010dn\u00e9 sl\u00e1vnosti.<\/strong><\/p>\n<p><strong>8.\u00a0Ve\u013ekono\u010dn\u00fd pondelok- info oh\u013eadom v\u00fdletu.<\/strong><\/p>\n","protected":false},"excerpt":{"rendered":"<p>SLOVENSK\u00c1 KATOL\u00cdCKA MISIA, BRAUERSTRASSe\u00a099; 8004 Z\u00dcRICH T\/F: 0041 44 241 50 22 &nbsp; \u00a0Oznamy na Ve\u013ekono\u010dn\u00fa nede\u013eu Nede\u013eu. \u00a0Liturgick\u00fd kalend\u00e1r: \u00a0Ve\u013ekono\u010dnou Nede\u013eou za\u010d\u00edna Ve\u013ekono\u010dn\u00e1 okt\u00e1va, ktor\u00e1 sa cel\u00e1 sl\u00e1vi ako jeden de\u0148 Kristovho zm\u0155tvychvstania.&#46;&#46;&#46;<\/p>\n","protected":false},"author":3,"featured_media":969,"comment_status":"open","ping_status":"open","sticky":false,"template":"","format":"standard","meta":{"ngg_post_thumbnail":0},"categories":[24,1],"tags":[],"_links":{"self":[{"href":"https:\/\/www.skmisia.ch\/index.php?rest_route=\/wp\/v2\/posts\/1010"}],"collection":[{"href":"https:\/\/www.skmisia.ch\/index.php?rest_route=\/wp\/v2\/posts"}],"about":[{"href":"https:\/\/www.skmisia.ch\/index.php?rest_route=\/wp\/v2\/types\/post"}],"author":[{"embeddable":true,"href":"https:\/\/www.skmisia.ch\/index.php?rest_route=\/wp\/v2\/users\/3"}],"replies":[{"embeddable":true,"href":"https:\/\/www.skmisia.ch\/index.php?rest_route=%2Fwp%2Fv2%2Fcomments&post=1010"}],"version-history":[{"count":1,"href":"https:\/\/www.skmisia.ch\/index.php?rest_route=\/wp\/v2\/posts\/1010\/revisions"}],"predecessor-version":[{"id":1011,"href":"https:\/\/www.skmisia.ch\/index.php?rest_route=\/wp\/v2\/posts\/1010\/revisions\/1011"}],"wp:featuredmedia":[{"embeddable":true,"href":"https:\/\/www.skmisia.ch\/index.php?rest_route=\/wp\/v2\/media\/969"}],"wp:attachment":[{"href":"https:\/\/www.skmisia.ch\/index.php?rest_route=%2Fwp%2Fv2%2Fmedia&parent=1010"}],"wp:term":[{"taxonomy":"category","embeddable":true,"href":"https:\/\/www.skmisia.ch\/index.php?rest_route=%2Fwp%2Fv2%2Fcategories&post=1010"},{"taxonomy":"post_tag","embeddable":true,"href":"https:\/\/www.skmisia.ch\/index.php?rest_route=%2Fwp%2Fv2%2Ftags&post=1010"}],"curies":[{"name":"wp","href":"https:\/\/api.w.org\/{rel}","templated":true}]}}